{"id":18180,"date":"2020-09-29T20:03:30","date_gmt":"2020-09-30T01:03:30","guid":{"rendered":"http:\/\/www.zonaroja.com.mx\/?p=18180"},"modified":"2020-09-29T20:09:42","modified_gmt":"2020-09-30T01:09:42","slug":"pide-legislador-a-gobiernos-estatal-y-municipal-politicas-publicas-para-defensa-del-maiz-nativo","status":"publish","type":"post","link":"https:\/\/zonaroja.com.mx\/?p=18180","title":{"rendered":"Pide legislador a gobiernos estatal y municipal, pol\u00edticas p\u00fablicas para defensa del ma\u00edz nativo"},"content":{"rendered":"\n<p>Redacci\u00f3n\/Zona Roja.<\/p>\n\n\n\n<p>Oaxaca de Ju\u00e1rez, Oax., 29 de septiembre 2020. \u201cEl Estado debe garantizar y promover la conservaci\u00f3n y sostenibilidad de semillas de ma\u00edz nativo\u201d, apunt\u00f3 el diputado, Horacio Sosa Villavicencio, presidente de la Junta de Coordinaci\u00f3n Pol\u00edtica del Congreso Local.<\/p>\n\n\n\n<p>Lo anterior en&nbsp; la conmemoraci\u00f3n del D\u00eda Estatal del Ma\u00edz Nativo en Oaxaca, decretado oficialmente por&nbsp; la 64 Legislatura el d\u00eda 25 de septiembre del 2019.<\/p>\n\n\n\n<p>El tambi\u00e9n&nbsp; impulsor&nbsp; de este decreto,&nbsp; expuso que actualmente los ma\u00edces nativos no garantizan suficiencia alimentaria porque no cuentan con un mercado industrial. \u201cEl ma\u00edz nativo vive para salvaguardar las culturas, m\u00e1s no como un producto con potencial comercializador,\u201d expres\u00f3 Sosa Villavicencio.<\/p>\n\n\n\n<p>Indic\u00f3 que&nbsp; seg\u00fan especialistas en la industria alimenticia, si la producci\u00f3n nacional de ma\u00edz&nbsp; nativo crece, los agricultores podr\u00e1n mejorar sus ingresos hasta en un 350 por ciento que, asegur\u00f3,&nbsp; representan una vida mejor y&nbsp; m\u00e1s digna para&nbsp; las personas agricultoras.<\/p>\n\n\n\n<p>En este sentido a\u00f1adi\u00f3 que el reconocimiento del D\u00eda Estatal del Ma\u00edz Nativo se suma al llamado emitido por el Foro Econ\u00f3mico Mundial en 2009, en el que demanda a los gobiernos una nueva visi\u00f3n para la agricultura, ante el desaf\u00edo que representar\u00e1 alimentar a las nueve mil millones de personas que posiblemente habitar\u00e1n el planeta en 2050.<\/p>\n\n\n\n<p>Sosa Villavicencio llam\u00f3 a las autoridades municipales, estatales y federales, a trabajar de manera coordinada y generar acciones que permitan valorar en el mercado las propiedades del ma\u00edz nativo con el objetivo de incrementar la producci\u00f3n y comercializaci\u00f3n del grano.<\/p>\n\n\n\n<p>Expuso que el ma\u00edz junto con el frijol y la calabaza, aportan alrededor del 75 por ciento de la ingesta de calor\u00edas de la poblaci\u00f3n rural, convirti\u00e9ndolo&nbsp; en el cultivo m\u00e1s importante para el pueblo oaxaque\u00f1o.<\/p>\n\n\n\n<p>Dijo que para el pueblo mexicano, el ma\u00edz tiene un significado profundo, pues conlleva aspectos culturales, religiosos, est\u00e9ticos y de organizaci\u00f3n econ\u00f3mica, pol\u00edtica y social.<\/p>\n\n\n\n<p>Durante el evento de conmemoraci\u00f3n por el D\u00eda Estatal del Ma\u00edz Nativo, denominado \u201cHonremos nuestro origen\u201d, que tuvo lugar en el Congreso local, participaron las diputadas Gloria S\u00e1nchez L\u00f3pez, Delfina Elizabeth Guzm\u00e1n D\u00edaz, Elena Cuevas Hern\u00e1ndez, Leticia Socorro Collado Soto y Juana Aguilar Espinoza.<\/p>\n\n\n\n<p>Tambi\u00e9n, se cont\u00f3 con la presencia de los diputados Timoteo V\u00e1squez Cruz,&nbsp; y Fredie Delf\u00edn Avenda\u00f1o.<\/p>\n","protected":false},"excerpt":{"rendered":"<p>Redacci\u00f3n\/Zona Roja. Oaxaca de Ju\u00e1rez, Oax., 29 de septiembre 2020. \u201cEl Estado debe garantizar y&hellip;<\/p>\n","protected":false},"author":2,"featured_media":18181,"comment_status":"closed","ping_status":"open","sticky":false,"template":"","format":"standard","meta":{"_lmt_disableupdate":"","_lmt_disable":"","_jetpack_memberships_contains_paid_content":false,"footnotes":""},"categories":[109,46],"tags":[444],"class_list":["post-18180","post","type-post","status-publish","format-standard","has-post-thumbnail","hentry","category-minuto-a-minuto","category-zona-blanca","tag-horacio-sosa-villavicencio"],"jetpack_featured_media_url":"https:\/\/zonaroja.com.mx\/wp-content\/uploads\/2020\/09\/FOTO-1-Conmemoracion-del-Dia-Estatal-del-Maiz-Nativo-en-el-Congreso-Local..jpeg","jetpack_sharing_enabled":true,"_links":{"self":[{"href":"https:\/\/zonaroja.com.mx\/index.php?rest_route=\/wp\/v2\/posts\/18180","targetHints":{"allow":["GET"]}}],"collection":[{"href":"https:\/\/zonaroja.com.mx\/index.php?rest_route=\/wp\/v2\/posts"}],"about":[{"href":"https:\/\/zonaroja.com.mx\/index.php?rest_route=\/wp\/v2\/types\/post"}],"author":[{"embeddable":true,"href":"https:\/\/zonaroja.com.mx\/index.php?rest_route=\/wp\/v2\/users\/2"}],"replies":[{"embeddable":true,"href":"https:\/\/zonaroja.com.mx\/index.php?rest_route=%2Fwp%2Fv2%2Fcomments&post=18180"}],"version-history":[{"count":2,"href":"https:\/\/zonaroja.com.mx\/index.php?rest_route=\/wp\/v2\/posts\/18180\/revisions"}],"predecessor-version":[{"id":18183,"href":"https:\/\/zonaroja.com.mx\/index.php?rest_route=\/wp\/v2\/posts\/18180\/revisions\/18183"}],"wp:featuredmedia":[{"embeddable":true,"href":"https:\/\/zonaroja.com.mx\/index.php?rest_route=\/wp\/v2\/media\/18181"}],"wp:attachment":[{"href":"https:\/\/zonaroja.com.mx\/index.php?rest_route=%2Fwp%2Fv2%2Fmedia&parent=18180"}],"wp:term":[{"taxonomy":"category","embeddable":true,"href":"https:\/\/zonaroja.com.mx\/index.php?rest_route=%2Fwp%2Fv2%2Fcategories&post=18180"},{"taxonomy":"post_tag","embeddable":true,"href":"https:\/\/zonaroja.com.mx\/index.php?rest_route=%2Fwp%2Fv2%2Ftags&post=18180"}],"curies":[{"name":"wp","href":"https:\/\/api.w.org\/{rel}","templated":true}]}}