{"id":18184,"date":"2020-09-29T21:10:38","date_gmt":"2020-09-30T02:10:38","guid":{"rendered":"http:\/\/www.zonaroja.com.mx\/?p=18184"},"modified":"2020-09-29T21:10:43","modified_gmt":"2020-09-30T02:10:43","slug":"denuncian-habitantes-del-centro-historico-olvido-del-edil-garcia-jarquin","status":"publish","type":"post","link":"https:\/\/zonaroja.com.mx\/?p=18184","title":{"rendered":"Denuncian habitantes del Centro Hist\u00f3rico olvido del edil Garc\u00eda Jarqu\u00edn"},"content":{"rendered":"\n<p>Yuridiana Sosa\/Zona Roja.<\/p>\n\n\n\n<p>Oaxaca de Ju\u00e1rez, Oax., 29 de septiembre de 2020.- Calles destrozadas por baches, inseguridad ciudadana, invasi\u00f3n descontrolada del comercio en v\u00eda p\u00fablica, creciente prostituci\u00f3n, as\u00ed como la falta de servicios b\u00e1sicos, son las condiciones en las que viven habitantes de la zona sur del Centro Hist\u00f3rico de Oaxaca, quienes denunciaron trato desigual del gobierno de Oswaldo Garc\u00eda Jarqu\u00edn.<\/p>\n\n\n\n<p>Hartos del abandono del gobierno municipal de la cuarta transformaci\u00f3n, los vecinos revisan con grupos de abogados y organizaciones, las alternativas para iniciar procesos administrativos y penales contra el ayuntamiento de Oaxaca de Ju\u00e1rez que encabeza Garc\u00eda Jarqu\u00edn.<\/p>\n\n\n\n<p>Tambi\u00e9n recurrir\u00e1n ante la Defensor\u00eda de los Derechos Humanos del Pueblo de Oaxaca (DDHPO) por las posibles violaciones a sus garant\u00edas ante la omisi\u00f3n de los funcionarios para brindarles condiciones de una mejor calidad de vida en comunidad.<\/p>\n\n\n\n<p>En conferencia de prensa, los vecinos encabezados por Jorge Gonz\u00e1lez Ilescas exigieron un trato igualitario ante las evidentes diferencias que existen con la disposici\u00f3n de recursos para los habitantes de la zona norte de la capital; pues en la zona sur carecen del servicio de recolecci\u00f3n de basura de forma regular, patrullajes constantes, alumbrado p\u00fablico y calles dignas.<\/p>\n\n\n\n<figure class=\"wp-block-embed-twitter wp-block-embed is-type-rich is-provider-twitter\"><div class=\"wp-block-embed__wrapper\">\n<div class=\"twitter-tweet\"><blockquote class=\"twitter-tweet\" data-lang=\"es\"><p lang=\"es\" dir=\"ltr\"><a href=\"https:\/\/twitter.com\/hashtag\/ENVIVO?src=hash&amp;ref_src=twsrc%5Etfw\">#ENVIVO<\/a><br>Oaxaca de Ju\u00e1rez, Oax., 29 de noviembre de 2020.- Conferencia de prensa de vecinos de la zona sur del Centro Hist\u00f3rico de la ciudad de Oaxaca. <br><br>Aqu\u00ed la transmisi\u00f3n \ud83d\udc47<a href=\"https:\/\/t.co\/gIR22IVUJ3\">https:\/\/t.co\/gIR22IVUJ3<\/a> <a href=\"https:\/\/t.co\/ZqB2ajuDJI\">pic.twitter.com\/ZqB2ajuDJI<\/a><\/p>&mdash; Zona Roja Oaxaca (@MexRoja) <a href=\"https:\/\/twitter.com\/MexRoja\/status\/1310978315360980998?ref_src=twsrc%5Etfw\">29 de septiembre de 2020<\/a><\/blockquote><\/div>\n<\/div><\/figure>\n\n\n\n<p>Los capitalinos han lidiado cada vez m\u00e1s con asaltos a transe\u00fantes a plena luz de d\u00eda, robo a veh\u00edculos y con zonas de prostituci\u00f3n que operan desde temprana hora del d\u00eda, con toda la tolerancia institucional.<\/p>\n\n\n\n<p>\u201cEsta parte de Oaxaca sur, de la calle de Independencia hacia esta zona \u2013conocida como el Barrio de la China&#8211; se vive un terrible y brutal abandono. Es la zona del coraz\u00f3n comercial de la capital\u201d, expresaron los ciudadanos.<\/p>\n\n\n\n<p>Esta zona, que todav\u00eda forma parte del Centro Hist\u00f3rico, es cuna de las tradicionales Chinas Oaxaque\u00f1as&nbsp; y mercados tradicionales; su imagen contrasta con el nombramiento de Patrimonio Cultural con el que cuenta la capital.<\/p>\n\n\n\n<p>Por ello, demandaron la intervenci\u00f3n inmediata de las autoridades municipales; deslindaron adem\u00e1s el tema pol\u00edtico de la queja, pues es a los ojos de todos la realidad en que se encuentra la zona.<\/p>\n\n\n\n<p>Tras la conferencia, los vecinos recorrieron la quinta y cuarta calle de Galeana, a unos pasos del palacio municipal, para dar cuenta de la gran cantidad de baches, literalmente zanjas, que existen en la zona, mismos que han denunciado y que a la fecha no han sido atendidas por el edil; \u201cni siquiera se ha dignado a visitar la zona\u201d, acusaron.<\/p>\n\n\n\n<figure class=\"wp-block-embed-twitter wp-block-embed is-type-rich is-provider-twitter\"><div class=\"wp-block-embed__wrapper\">\n<div class=\"twitter-tweet\"><blockquote class=\"twitter-tweet\" data-lang=\"es\"><p lang=\"es\" dir=\"ltr\"><a href=\"https:\/\/twitter.com\/hashtag\/%C3%93axacaGris?src=hash&amp;ref_src=twsrc%5Etfw\">#\u00d3axacaGris<\/a> <br>\u00bfQu\u00e9 le parece? As\u00ed se encuentran las calles de la ciudad capital, principalmente la cuarta de Galeana, en pleno centro y a unos pasos del palacio municipal de Oaxaca de Ju\u00e1rez sin atenci\u00f3n por parte de la autoridad municipal que preside <a href=\"https:\/\/twitter.com\/oswaldogarciaj?ref_src=twsrc%5Etfw\">@oswaldogarciaj<\/a>. <a href=\"https:\/\/t.co\/jFmAm9tjQ4\">pic.twitter.com\/jFmAm9tjQ4<\/a><\/p>&mdash; Zona Roja Oaxaca (@MexRoja) <a href=\"https:\/\/twitter.com\/MexRoja\/status\/1311121912886710272?ref_src=twsrc%5Etfw\">30 de septiembre de 2020<\/a><\/blockquote><\/div>\n<\/div><\/figure>\n","protected":false},"excerpt":{"rendered":"<p>Yuridiana Sosa\/Zona Roja. Oaxaca de Ju\u00e1rez, Oax., 29 de septiembre de 2020.- Calles destrozadas por&hellip;<\/p>\n","protected":false},"author":2,"featured_media":18185,"comment_status":"closed","ping_status":"open","sticky":false,"template":"","format":"standard","meta":{"_lmt_disableupdate":"","_lmt_disable":"","_jetpack_memberships_contains_paid_content":false,"footnotes":""},"categories":[109,47],"tags":[1487],"class_list":["post-18184","post","type-post","status-publish","format-standard","has-post-thumbnail","hentry","category-minuto-a-minuto","category-zona-gris","tag-jorge-gonzalez-ilescas"],"jetpack_featured_media_url":"https:\/\/zonaroja.com.mx\/wp-content\/uploads\/2020\/09\/Conferencia-Ilescas-centro-ciudad-Oaxaca.jpg","jetpack_sharing_enabled":true,"_links":{"self":[{"href":"https:\/\/zonaroja.com.mx\/index.php?rest_route=\/wp\/v2\/posts\/18184","targetHints":{"allow":["GET"]}}],"collection":[{"href":"https:\/\/zonaroja.com.mx\/index.php?rest_route=\/wp\/v2\/posts"}],"about":[{"href":"https:\/\/zonaroja.com.mx\/index.php?rest_route=\/wp\/v2\/types\/post"}],"author":[{"embeddable":true,"href":"https:\/\/zonaroja.com.mx\/index.php?rest_route=\/wp\/v2\/users\/2"}],"replies":[{"embeddable":true,"href":"https:\/\/zonaroja.com.mx\/index.php?rest_route=%2Fwp%2Fv2%2Fcomments&post=18184"}],"version-history":[{"count":1,"href":"https:\/\/zonaroja.com.mx\/index.php?rest_route=\/wp\/v2\/posts\/18184\/revisions"}],"predecessor-version":[{"id":18186,"href":"https:\/\/zonaroja.com.mx\/index.php?rest_route=\/wp\/v2\/posts\/18184\/revisions\/18186"}],"wp:featuredmedia":[{"embeddable":true,"href":"https:\/\/zonaroja.com.mx\/index.php?rest_route=\/wp\/v2\/media\/18185"}],"wp:attachment":[{"href":"https:\/\/zonaroja.com.mx\/index.php?rest_route=%2Fwp%2Fv2%2Fmedia&parent=18184"}],"wp:term":[{"taxonomy":"category","embeddable":true,"href":"https:\/\/zonaroja.com.mx\/index.php?rest_route=%2Fwp%2Fv2%2Fcategories&post=18184"},{"taxonomy":"post_tag","embeddable":true,"href":"https:\/\/zonaroja.com.mx\/index.php?rest_route=%2Fwp%2Fv2%2Ftags&post=18184"}],"curies":[{"name":"wp","href":"https:\/\/api.w.org\/{rel}","templated":true}]}}