{"id":18190,"date":"2020-09-29T21:58:25","date_gmt":"2020-09-30T02:58:25","guid":{"rendered":"http:\/\/www.zonaroja.com.mx\/?p=18190"},"modified":"2020-09-29T21:58:36","modified_gmt":"2020-09-30T02:58:36","slug":"de-nuevo-repunta-el-covid-en-oaxaca-registran-sso-160-casos-nuevos-y-10-decesos","status":"publish","type":"post","link":"https:\/\/zonaroja.com.mx\/?p=18190","title":{"rendered":"De nuevo repunta el Covid en Oaxaca; registran SSO 160 casos nuevos y 10 decesos"},"content":{"rendered":"\n<p>Redacci\u00f3n\/Zona Roja.<\/p>\n\n\n\n<p>Oaxaca de Ju\u00e1rez, Oax. 29 de septiembre de 2020.-Al corte epidemiol\u00f3gico de este martes 29 de septiembre, los Servicios de Salud de Oaxaca (SSO), registran 160 casos nuevos de COVID-19, que suman 16 mil 829 acumulados en toda la entidad.<\/p>\n\n\n\n<p>Asimismo, se han notificado 24 mil 886 casos, de los cuales siete mil 330 han sido negativos, hay 727 casos sospechosos en espera de resultados por laboratorio, 14 mil 721 se han recuperado y lamentablemente se contabilizan 10 defunciones que suman mil 441.<\/p>\n\n\n\n<p>En un comunicado, inform\u00f3 que la Jurisdicci\u00f3n Sanitaria n\u00famero uno Valles Centrales contabiliza 11 mil 280 casos confirmados y 695 defunciones; Tuxtepec mil 693 y 243 defunciones; Istmo mil 682 y 281 defunciones; Mixteca mil 078 y 103 defunciones; Costa 736 y 76 defunciones, Sierra 360 y 43 defunciones.<\/p>\n\n\n\n<p>Los 160 casos nuevos se distribuyen en 42 municipios de la entidad, siendo los que mayor n\u00famero presentan: Oaxaca de Ju\u00e1rez con 67, Santa Luc\u00eda del Camino 14, San Agust\u00edn Etla ocho, Tlacolula de Matamoros siete, Cuilapam de Guerrero seis, el resto tres, dos y un caso.<\/p>\n\n\n\n<figure class=\"wp-block-embed-twitter wp-block-embed is-type-rich is-provider-twitter\"><div class=\"wp-block-embed__wrapper\">\n<div class=\"twitter-tweet\"><blockquote class=\"twitter-tweet\" data-lang=\"es\"><p lang=\"es\" dir=\"ltr\">Recuerda que ante el <a href=\"https:\/\/twitter.com\/hashtag\/COVID19?src=hash&amp;ref_src=twsrc%5Etfw\">#COVID19<\/a>, los adultos mayores, enfermos cr\u00f3nicos, menores de edad y embarazadas son grupos de riesgo, no los expongas, recuerda que si te cuidas t\u00fa nos cuidas a todas y todos. <a href=\"https:\/\/t.co\/YP4BU8aAk5\">pic.twitter.com\/YP4BU8aAk5<\/a><\/p>&mdash; Servicios de Salud (@SSO_GobOax) <a href=\"https:\/\/twitter.com\/SSO_GobOax\/status\/1311110817933193216?ref_src=twsrc%5Etfw\">30 de septiembre de 2020<\/a><\/blockquote><\/div>\n<\/div><\/figure>\n\n\n\n<p>Se\u00f1al\u00f3 que hay 667 casos activos, siendo la Jurisdicci\u00f3n Sanitaria n\u00famero uno Valles Centrales la que registra 491, Mixteca 61, Sierra 35, Istmo 33, Costa 30 y Tuxtepec 17.<\/p>\n\n\n\n<p>Dijo que en relaci\u00f3n a la ocupaci\u00f3n hospitalaria con atenci\u00f3n para pacientes COVID, este martes se registra un 35.6% global, de los cuales el 41.6% es sin ventilador y 25.6% con ventilador.<\/p>\n\n\n\n<p>Finalmente, expuso que una de las recomendaciones que no se debe olvidar, es utilizar el cubrebocas siempre al salir de casa, que cubra nariz y boca; al quitarlo, no se debe tocar de la parte de enfrente; si es desechable hay que cortarlo y tirarlo en una bolsa amigable; si es de tela, hay que lavarlo. Evitar tocarlo, no compartirlo y lavarse las manos antes y despu\u00e9s de utilizarlo, y aplicar la sana distancia en lugares p\u00fablicos y cerrados.<\/p>\n","protected":false},"excerpt":{"rendered":"<p>Redacci\u00f3n\/Zona Roja. Oaxaca de Ju\u00e1rez, Oax. 29 de septiembre de 2020.-Al corte epidemiol\u00f3gico de este&hellip;<\/p>\n","protected":false},"author":2,"featured_media":18191,"comment_status":"closed","ping_status":"open","sticky":false,"template":"","format":"standard","meta":{"_lmt_disableupdate":"","_lmt_disable":"","_jetpack_memberships_contains_paid_content":false,"footnotes":""},"categories":[109,47],"tags":[1512],"class_list":["post-18190","post","type-post","status-publish","format-standard","has-post-thumbnail","hentry","category-minuto-a-minuto","category-zona-gris","tag-coronavirus-oaxaca"],"jetpack_featured_media_url":"https:\/\/zonaroja.com.mx\/wp-content\/uploads\/2020\/09\/SSO-1-1-5.jpeg","jetpack_sharing_enabled":true,"_links":{"self":[{"href":"https:\/\/zonaroja.com.mx\/index.php?rest_route=\/wp\/v2\/posts\/18190","targetHints":{"allow":["GET"]}}],"collection":[{"href":"https:\/\/zonaroja.com.mx\/index.php?rest_route=\/wp\/v2\/posts"}],"about":[{"href":"https:\/\/zonaroja.com.mx\/index.php?rest_route=\/wp\/v2\/types\/post"}],"author":[{"embeddable":true,"href":"https:\/\/zonaroja.com.mx\/index.php?rest_route=\/wp\/v2\/users\/2"}],"replies":[{"embeddable":true,"href":"https:\/\/zonaroja.com.mx\/index.php?rest_route=%2Fwp%2Fv2%2Fcomments&post=18190"}],"version-history":[{"count":1,"href":"https:\/\/zonaroja.com.mx\/index.php?rest_route=\/wp\/v2\/posts\/18190\/revisions"}],"predecessor-version":[{"id":18192,"href":"https:\/\/zonaroja.com.mx\/index.php?rest_route=\/wp\/v2\/posts\/18190\/revisions\/18192"}],"wp:featuredmedia":[{"embeddable":true,"href":"https:\/\/zonaroja.com.mx\/index.php?rest_route=\/wp\/v2\/media\/18191"}],"wp:attachment":[{"href":"https:\/\/zonaroja.com.mx\/index.php?rest_route=%2Fwp%2Fv2%2Fmedia&parent=18190"}],"wp:term":[{"taxonomy":"category","embeddable":true,"href":"https:\/\/zonaroja.com.mx\/index.php?rest_route=%2Fwp%2Fv2%2Fcategories&post=18190"},{"taxonomy":"post_tag","embeddable":true,"href":"https:\/\/zonaroja.com.mx\/index.php?rest_route=%2Fwp%2Fv2%2Ftags&post=18190"}],"curies":[{"name":"wp","href":"https:\/\/api.w.org\/{rel}","templated":true}]}}