{"id":18193,"date":"2020-09-29T22:10:32","date_gmt":"2020-09-30T03:10:32","guid":{"rendered":"http:\/\/www.zonaroja.com.mx\/?p=18193"},"modified":"2020-09-29T22:10:36","modified_gmt":"2020-09-30T03:10:36","slug":"que-devuelvan-los-cuadros-exigen-artistas-a-edil-de-santa-lucia-del-camino","status":"publish","type":"post","link":"https:\/\/zonaroja.com.mx\/?p=18193","title":{"rendered":"\u00a1Qu\u00e9 devuelvan los cuadros!, exigen artistas a edil de Santa Luc\u00eda del Camino"},"content":{"rendered":"\n<p>Evlin Arag\u00f3n\/Zona Roja.<\/p>\n\n\n\n<p>Oaxaca de Ju\u00e1rez, Oax., 29 de septiembre de 2020.- Las artistas M\u00edriam Ladr\u00f3n de Guevara y Tania Pastrana, respaldadas por la reconocida pintora Justina Fuentes, pidieron al edil de Santa Luc\u00eda del Camino, Dante Monta\u00f1o Montero, la devoluci\u00f3n de su obra pict\u00f3rica, que tiene en resguardo desde marzo pasado, como parte de una exposici\u00f3n al interior de la Casa de la Cultura y que se ha negado a entregar.&nbsp;<\/p>\n\n\n\n<p>As\u00ed lo dieron a conocer las artistas, quienes evidenciaron la negativa del edil de devolverles sus cuadros, pese a que s\u00f3lo fueron prestados para un evento conmemorativo al 8 de marzo y no donados para que permanecieran al interior del recinto cultural, que adem\u00e1s se han enterado pretende desaparecer la autoridad municipal.&nbsp;<\/p>\n\n\n\n<p>\u201cNosotras tuvimos una exposici\u00f3n en el mes de marzo, nuestra obra sigue ah\u00ed. Sabemos que por la contingencia no se ha podido sacar, pero tampoco nos han dado pie para poder ir por ella, de hecho, no nos han dejado sacar la obra que es nuestra\u201d, dijeron.&nbsp;<\/p>\n\n\n\n<p>A sabiendas de la protesta que realizan docentes de la Casa de la Cultura de Santa Luc\u00eda que han argumentado la falta de pagos, de al menos tres meses, y la intenci\u00f3n del edil de cerrar las puertas del recinto, han optado por buscar la manera de recuperar su obra, sin embargo, no hay ning\u00fan tipo de respuesta por las autoridades.&nbsp;<\/p>\n\n\n\n<p>\u201cLo que queremos es que nos regresen nuestra obra, hay obra de la maestra Justina, de la maestra Tania, Irma y m\u00eda, que hasta el momento no tenemos idea que est\u00e1 pasando con ello, no han negado la entrada al lugar y no explican que ha pasado con ella\u201d, dijo M\u00edriam Ladr\u00f3n de Guevara.<\/p>\n\n\n\n<figure class=\"wp-block-embed-twitter wp-block-embed is-type-rich is-provider-twitter\"><div class=\"wp-block-embed__wrapper\">\n<div class=\"twitter-tweet\"><blockquote class=\"twitter-tweet\" data-lang=\"es\"><p lang=\"es\" dir=\"ltr\">\u00bfLo vio? Artistas pl\u00e1sticos como M\u00edriam Ladr\u00f3n de Guevara y Tania Pastrana, respaldadas por Justina Fuentes, pidieron al edil de <a href=\"https:\/\/twitter.com\/MunSantaLucia?ref_src=twsrc%5Etfw\">@MunSantaLucia<\/a>, <a href=\"https:\/\/twitter.com\/DANTEMONTANO?ref_src=twsrc%5Etfw\">@dantemontano<\/a>, la devoluci\u00f3n de obra pict\u00f3rica, que tiene resguardado desde marzo en la Casa de la Cultura y se ha negado a entregar. <a href=\"https:\/\/t.co\/dDYcypb8ps\">pic.twitter.com\/dDYcypb8ps<\/a><\/p>&mdash; Zona Roja Oaxaca (@MexRoja) <a href=\"https:\/\/twitter.com\/MexRoja\/status\/1310920752938586112?ref_src=twsrc%5Etfw\">29 de septiembre de 2020<\/a><\/blockquote><\/div>\n<\/div><\/figure>\n\n\n\n<p>La reconocida pintora Justina Fuentes, cuestion\u00f3 que Monta\u00f1o Montero no quiera cubrir los salarios de maestras y maestros al interior de la Casa de la Cultura, acci\u00f3n que refleja un completo desconocimiento que la riqueza cultural de la que hoy se jacta Oaxaca se debe a la labor del gremio art\u00edstico y artesanal.<\/p>\n\n\n\n<p>\u201cTienen que pagarles los tres meses pendientes a los maestros porque el que no le quiere pagar est\u00e1 cobrando, pese a la contingencia. Tiene que pagarle igual que como \u00e9l est\u00e1 cobrando\u201d, manifest\u00f3.<\/p>\n\n\n\n<p>Independientemente de que no le ha sido entregada su obra, desde el mes de marzo, la artista asegur\u00f3 que lo importante es que no se cierre la Casa de la Cultura, incluso estar\u00eda dispuesta a perder sus cuadros siempre y cuando exista el compromiso de no cerrar un espacio que le pertenece a la poblaci\u00f3n y que contribuye a tener una mejor sociedad.&nbsp;<\/p>\n\n\n\n<p>\u201cTengo 40 a\u00f1os de pintar, aprend\u00ed con Rodolfo Morales, Francisco Toledo y Juan Alc\u00e1zar y luch\u00e9 para defender la Casa de la Cultura en Oaxaca en los a\u00f1os 80, as\u00ed que puedo decir que no tienen que cancelarse el recinto en Santa Luc\u00eda\u201d, sentenci\u00f3.<\/p>\n","protected":false},"excerpt":{"rendered":"<p>Evlin Arag\u00f3n\/Zona Roja. Oaxaca de Ju\u00e1rez, Oax., 29 de septiembre de 2020.- Las artistas M\u00edriam&hellip;<\/p>\n","protected":false},"author":2,"featured_media":18194,"comment_status":"closed","ping_status":"open","sticky":false,"template":"","format":"standard","meta":{"_lmt_disableupdate":"","_lmt_disable":"","_jetpack_memberships_contains_paid_content":false,"footnotes":""},"categories":[109,47],"tags":[337],"class_list":["post-18193","post","type-post","status-publish","format-standard","has-post-thumbnail","hentry","category-minuto-a-minuto","category-zona-gris","tag-santa-lucia-del-camino"],"jetpack_featured_media_url":"https:\/\/zonaroja.com.mx\/wp-content\/uploads\/2020\/09\/Conferencia-Justina-Fuentes.jpg","jetpack_sharing_enabled":true,"_links":{"self":[{"href":"https:\/\/zonaroja.com.mx\/index.php?rest_route=\/wp\/v2\/posts\/18193","targetHints":{"allow":["GET"]}}],"collection":[{"href":"https:\/\/zonaroja.com.mx\/index.php?rest_route=\/wp\/v2\/posts"}],"about":[{"href":"https:\/\/zonaroja.com.mx\/index.php?rest_route=\/wp\/v2\/types\/post"}],"author":[{"embeddable":true,"href":"https:\/\/zonaroja.com.mx\/index.php?rest_route=\/wp\/v2\/users\/2"}],"replies":[{"embeddable":true,"href":"https:\/\/zonaroja.com.mx\/index.php?rest_route=%2Fwp%2Fv2%2Fcomments&post=18193"}],"version-history":[{"count":1,"href":"https:\/\/zonaroja.com.mx\/index.php?rest_route=\/wp\/v2\/posts\/18193\/revisions"}],"predecessor-version":[{"id":18195,"href":"https:\/\/zonaroja.com.mx\/index.php?rest_route=\/wp\/v2\/posts\/18193\/revisions\/18195"}],"wp:featuredmedia":[{"embeddable":true,"href":"https:\/\/zonaroja.com.mx\/index.php?rest_route=\/wp\/v2\/media\/18194"}],"wp:attachment":[{"href":"https:\/\/zonaroja.com.mx\/index.php?rest_route=%2Fwp%2Fv2%2Fmedia&parent=18193"}],"wp:term":[{"taxonomy":"category","embeddable":true,"href":"https:\/\/zonaroja.com.mx\/index.php?rest_route=%2Fwp%2Fv2%2Fcategories&post=18193"},{"taxonomy":"post_tag","embeddable":true,"href":"https:\/\/zonaroja.com.mx\/index.php?rest_route=%2Fwp%2Fv2%2Ftags&post=18193"}],"curies":[{"name":"wp","href":"https:\/\/api.w.org\/{rel}","templated":true}]}}