{"id":18196,"date":"2020-09-29T22:28:05","date_gmt":"2020-09-30T03:28:05","guid":{"rendered":"http:\/\/www.zonaroja.com.mx\/?p=18196"},"modified":"2020-09-29T22:28:09","modified_gmt":"2020-09-30T03:28:09","slug":"desatencion-de-la-fiscalia-genera-otra-vez-protestas-en-mixteca-e-istmo","status":"publish","type":"post","link":"https:\/\/zonaroja.com.mx\/?p=18196","title":{"rendered":"Desatenci\u00f3n de la Fiscal\u00eda genera otra vez protestas en Mixteca e Istmo"},"content":{"rendered":"\n<p>Evlin Arag\u00f3n\/Zona Roja.<\/p>\n\n\n\n<p>Oaxaca de Ju\u00e1rez, Oax., 29 de septiembre de 2020.- De nueva cuenta y a fin de evitar m\u00e1s actos de impunidad, grupos de mujeres protestaron en las regiones Mixteca e Istmo de Tehuantepec, para exigir a la Fiscal\u00eda General del Estado una atenci\u00f3n \u00e1gil y efectiva.<\/p>\n\n\n\n<p>El colectivo feminista Mujeres de la Sal dio inicio a una campa\u00f1a en redes sociales para exigir justicia para Lizaldy, de 16 a\u00f1os de edad que este fin de semana fue v\u00edctima de un intento de feminicido en la localidad de Salinas del Marqu\u00e9s, perteneciente al municipio de Salina Cruz.&nbsp;<\/p>\n\n\n\n<p>Las activistas aseguraron que se trat\u00f3 de un intento de feminicidio y violaci\u00f3n, no una simple detenci\u00f3n por portaci\u00f3n de drogas, por lo que exigieron la aplicaci\u00f3n de todo el peso de la ley para el responsable, identificado como Santiago F. R., alias \u201cEl Astata\u201d.<\/p>\n\n\n\n<p>Fue el s\u00e1bado por la tarde que Lizaldy como cualquier adolescente sali\u00f3 a la playa a ba\u00f1arse en compa\u00f1\u00eda de otro joven, cuando el agresor intento agredirla sexualmente y al no lograr su cometido la atac\u00f3 a machetazos provoc\u00e1ndole cuatro heridas graves que la mantienen hospitalizada.&nbsp;<\/p>\n\n\n\n<p>De acuerdo con las activistas, la joven se reporta grave de salud, tras recibir 60 suturas debido a las heridas del arma punzo cortante, adem\u00e1s de tener cortados lo dedos de las manos en el intento de evitar ser violada.<\/p>\n\n\n\n<p>Por lo anterior exigieron la intervenci\u00f3n inmediata de la Fiscal\u00eda General del Estado de Oaxaca, a fin de sancionar de forma ejemplar al responsable quien adem\u00e1s fue capturado por la poblaci\u00f3n y puesto a disposici\u00f3n de las autoridades, luego de algunos minutos de tensi\u00f3n ya que intentaban lincharlo por los hechos.&nbsp;<\/p>\n\n\n\n<p>As\u00ed mismo hicieron un llamado a la autoridad municipal de Salina Cruz, encabezada por Juan Carlos Atecas, para la intervenci\u00f3n inmediata y compromiso para hacerle frente a la violencia feminicida en el puerto, toda vez que la regi\u00f3n del Istmo de Tehuantepec es de las m\u00e1s violentas en contra de las mujeres.<\/p>\n\n\n\n<p>FABRICAN DELITOS<\/p>\n\n\n\n<p>Como desde hace ya un tiempo, las feministas recriminaron la deficiente actuaci\u00f3n del fiscal Rub\u00e9n Vasconcelos M\u00e9ndez a quien acusaron de fabricar feminicidas, y la del gobernador Alejandro Murat Hinojosa quien ha hecho caso omiso a la situaci\u00f3n de violencia que viven las mujeres en el Istmo, y en toda la entidad.&nbsp;<\/p>\n\n\n\n<p>De acuerdo con los datos del Grupo de estudios sobre la Mujer \u201cRosario Castellanos\u201d, en Oaxaca van 462 feminicidios en lo que va de la administraci\u00f3n actual, 79 de los cuales se han registrado en lo que va de este 2020.<\/p>\n\n\n\n<p>El Istmo de Tehuantepec se ha convertido en la regi\u00f3n m\u00e1s violenta contra las mujeres con 19 casos en lo que de este a\u00f1o y 96 durante el sexenio muratista.&nbsp;<\/p>\n\n\n\n<p>Tras las presiones, la Fiscal\u00eda General del Estado inform\u00f3 en un comunicado que present\u00f3 al detenido por los polic\u00edas municipales por el delito de \u201clesiones calificadas con agravante de ventaja\u201d en contra de la adolescente, a pesar de que los colectivos feministas demandan que sea por intento de feminicidio.<\/p>\n\n\n\n<p>TAMBI\u00c9N EN MIXTECA<\/p>\n\n\n\n<p>Por otra parte, por segundo d\u00eda consecutivo hubo protestas en Huajuapan de Le\u00f3n, para exigir justicia plena en contra del individuo que presuntamente plagi\u00f3 y desapareci\u00f3 a Joselyn, hace m\u00e1s de un a\u00f1o, y que fue detenido el pasado fin de semana.<\/p>\n\n\n\n<p>Las organizaciones Hijas de la Luna y Marea Verde Mixteca realizaron una protesta pac\u00edfica, tambi\u00e9n para demandar justicia por los casos de Arianne Ram\u00edrez Ram\u00edrez originaria de Tamazul\u00e1pam Villa del Progreso, quien desapareci\u00f3 el 18 de octubre del 2013 y que hasta el momento no se ha sabido nada.<\/p>\n\n\n\n<p>De nuevo tras las presiones, la Fiscal\u00eda inform\u00f3 que en audiencia y luego de que el juez en turno validara los datos proporcionados, determin\u00f3 vincular a proceso a V. D. T. S., imponi\u00e9ndole la medida cautelar de prisi\u00f3n preventiva oficiosa y otorgando tres meses para el cierre de investigaci\u00f3n.<\/p>\n","protected":false},"excerpt":{"rendered":"<p>Evlin Arag\u00f3n\/Zona Roja. Oaxaca de Ju\u00e1rez, Oax., 29 de septiembre de 2020.- De nueva cuenta&hellip;<\/p>\n","protected":false},"author":2,"featured_media":18197,"comment_status":"closed","ping_status":"open","sticky":false,"template":"","format":"standard","meta":{"_lmt_disableupdate":"","_lmt_disable":"","_jetpack_memberships_contains_paid_content":false,"footnotes":""},"categories":[109,47],"tags":[610],"class_list":["post-18196","post","type-post","status-publish","format-standard","has-post-thumbnail","hentry","category-minuto-a-minuto","category-zona-gris","tag-feminicidios-oaxaca"],"jetpack_featured_media_url":"https:\/\/zonaroja.com.mx\/wp-content\/uploads\/2020\/09\/Protesta-Huajuapan-feminicidios.jpg","jetpack_sharing_enabled":true,"_links":{"self":[{"href":"https:\/\/zonaroja.com.mx\/index.php?rest_route=\/wp\/v2\/posts\/18196","targetHints":{"allow":["GET"]}}],"collection":[{"href":"https:\/\/zonaroja.com.mx\/index.php?rest_route=\/wp\/v2\/posts"}],"about":[{"href":"https:\/\/zonaroja.com.mx\/index.php?rest_route=\/wp\/v2\/types\/post"}],"author":[{"embeddable":true,"href":"https:\/\/zonaroja.com.mx\/index.php?rest_route=\/wp\/v2\/users\/2"}],"replies":[{"embeddable":true,"href":"https:\/\/zonaroja.com.mx\/index.php?rest_route=%2Fwp%2Fv2%2Fcomments&post=18196"}],"version-history":[{"count":1,"href":"https:\/\/zonaroja.com.mx\/index.php?rest_route=\/wp\/v2\/posts\/18196\/revisions"}],"predecessor-version":[{"id":18198,"href":"https:\/\/zonaroja.com.mx\/index.php?rest_route=\/wp\/v2\/posts\/18196\/revisions\/18198"}],"wp:featuredmedia":[{"embeddable":true,"href":"https:\/\/zonaroja.com.mx\/index.php?rest_route=\/wp\/v2\/media\/18197"}],"wp:attachment":[{"href":"https:\/\/zonaroja.com.mx\/index.php?rest_route=%2Fwp%2Fv2%2Fmedia&parent=18196"}],"wp:term":[{"taxonomy":"category","embeddable":true,"href":"https:\/\/zonaroja.com.mx\/index.php?rest_route=%2Fwp%2Fv2%2Fcategories&post=18196"},{"taxonomy":"post_tag","embeddable":true,"href":"https:\/\/zonaroja.com.mx\/index.php?rest_route=%2Fwp%2Fv2%2Ftags&post=18196"}],"curies":[{"name":"wp","href":"https:\/\/api.w.org\/{rel}","templated":true}]}}