{"id":18199,"date":"2020-09-30T07:54:16","date_gmt":"2020-09-30T12:54:16","guid":{"rendered":"http:\/\/www.zonaroja.com.mx\/?p=18199"},"modified":"2020-09-30T07:54:20","modified_gmt":"2020-09-30T12:54:20","slug":"cinco-homicidios-en-su-mayoria-con-arma-de-fuego-saldo-del-martes-en-oaxaca","status":"publish","type":"post","link":"https:\/\/zonaroja.com.mx\/?p=18199","title":{"rendered":"Cinco homicidios, en su mayor\u00eda con arma de fuego, saldo del martes en Oaxaca"},"content":{"rendered":"\n<p>Redacci\u00f3n\/Zona Roja.<\/p>\n\n\n\n<p>Oaxaca de Ju\u00e1rez, Oax., 30 de septiembre de 2020.- A cinco ascendi\u00f3 el n\u00famero de v\u00edctimas mortales en la entidad oaxaque\u00f1a, dos de ellas en la regi\u00f3n del Istmo de Tehuantepec, dos en la regi\u00f3n Mixteca y una en la Cuenca del Papaloapan.<\/p>\n\n\n\n<p>Ayer por la tarde, en el kil\u00f3metro 160 de la carretera Trans\u00edstimica, en inmediaciones de la localidad de Palomares, Mat\u00edas Romero, fue ejecutado el mototaxista Ricardo S. S., de 25 a\u00f1os de edad.<\/p>\n\n\n\n<p>El joven se trasladaba en su unidad de motor cuando fue ultimado con varios impactos de arma de fuego, uno de ellos en la cabeza; no hay personas detenidas y a\u00fan se desconoce el m\u00f3vil del crimen.<\/p>\n\n\n\n<p>En San Blas Atempa, tambi\u00e9n en la regi\u00f3n del Istmo, fue ultimada a balazos otra persona, identificada de manera preliminar como Juan \u201cN\u201d; hasta el momento no se ha detallado la forma en que se perpetr\u00f3 el homicidio.<\/p>\n\n\n\n<p>Ayer por la madrugada, en la carretera que conduce de la comunidad de R\u00edo Metate con L\u00e1zaro C\u00e1rdenas, del municipio de Santiago Juxtlahuaca, fue atacada una familia, cuando se trasladaba con su familia.<\/p>\n\n\n\n<p>La v\u00edctima mortal fue identificada como Felipe G., mientras que dos mujeres resultaron lesionadas.<\/p>\n\n\n\n<p>En tanto que horas m\u00e1s tarde, alrededor del mediod\u00eda, sobre la carretera federal 125 \u201cAlfonso P\u00e9rez Gasga\u201d, tramo Putla de Guerrero-Heroica Ciudad de Tlaxiaco, a la altura del kil\u00f3metro 101, fue ejecutada otra persona.<\/p>\n\n\n\n<p>Fue identificada de manera preliminar como Chetito B. E. y era originario de San Mart\u00edn Itunyoso; presuntamente se trat\u00f3 de un asalto.<\/p>\n\n\n\n<p>Mientras que en San Juan Bautista Tuxtepec, ayer por la tarde fue localizado el cuerpo de una persona del sexo masculino, en inmediaciones de la carretera que comunica a la agencia de San Bartolo con Santa Teresa.<\/p>\n\n\n\n<p>Hasta el momento se desconoce el m\u00f3vil del homicidio y una de las versiones es que fue a causa de un accidente vial ocurrido la noche anterior; tambi\u00e9n la Vicefiscal\u00eda Regional de la Cuenca indaga un probable asesinato.<\/p>\n","protected":false},"excerpt":{"rendered":"<p>Redacci\u00f3n\/Zona Roja. Oaxaca de Ju\u00e1rez, Oax., 30 de septiembre de 2020.- A cinco ascendi\u00f3 el&hellip;<\/p>\n","protected":false},"author":2,"featured_media":7486,"comment_status":"closed","ping_status":"open","sticky":false,"template":"","format":"standard","meta":{"_lmt_disableupdate":"","_lmt_disable":"","_jetpack_memberships_contains_paid_content":false,"footnotes":""},"categories":[109,51],"tags":[1564],"class_list":["post-18199","post","type-post","status-publish","format-standard","has-post-thumbnail","hentry","category-minuto-a-minuto","category-zona-roja","tag-asesinatos-oaxaca"],"jetpack_featured_media_url":"https:\/\/zonaroja.com.mx\/wp-content\/uploads\/2020\/01\/Escena-del-crimen7.jpg","jetpack_sharing_enabled":true,"_links":{"self":[{"href":"https:\/\/zonaroja.com.mx\/index.php?rest_route=\/wp\/v2\/posts\/18199","targetHints":{"allow":["GET"]}}],"collection":[{"href":"https:\/\/zonaroja.com.mx\/index.php?rest_route=\/wp\/v2\/posts"}],"about":[{"href":"https:\/\/zonaroja.com.mx\/index.php?rest_route=\/wp\/v2\/types\/post"}],"author":[{"embeddable":true,"href":"https:\/\/zonaroja.com.mx\/index.php?rest_route=\/wp\/v2\/users\/2"}],"replies":[{"embeddable":true,"href":"https:\/\/zonaroja.com.mx\/index.php?rest_route=%2Fwp%2Fv2%2Fcomments&post=18199"}],"version-history":[{"count":1,"href":"https:\/\/zonaroja.com.mx\/index.php?rest_route=\/wp\/v2\/posts\/18199\/revisions"}],"predecessor-version":[{"id":18200,"href":"https:\/\/zonaroja.com.mx\/index.php?rest_route=\/wp\/v2\/posts\/18199\/revisions\/18200"}],"wp:featuredmedia":[{"embeddable":true,"href":"https:\/\/zonaroja.com.mx\/index.php?rest_route=\/wp\/v2\/media\/7486"}],"wp:attachment":[{"href":"https:\/\/zonaroja.com.mx\/index.php?rest_route=%2Fwp%2Fv2%2Fmedia&parent=18199"}],"wp:term":[{"taxonomy":"category","embeddable":true,"href":"https:\/\/zonaroja.com.mx\/index.php?rest_route=%2Fwp%2Fv2%2Fcategories&post=18199"},{"taxonomy":"post_tag","embeddable":true,"href":"https:\/\/zonaroja.com.mx\/index.php?rest_route=%2Fwp%2Fv2%2Ftags&post=18199"}],"curies":[{"name":"wp","href":"https:\/\/api.w.org\/{rel}","templated":true}]}}