{"id":18204,"date":"2020-09-30T10:14:35","date_gmt":"2020-09-30T15:14:35","guid":{"rendered":"http:\/\/www.zonaroja.com.mx\/?p=18204"},"modified":"2020-09-30T10:14:41","modified_gmt":"2020-09-30T15:14:41","slug":"condena-el-mult-asesinato-de-su-militante-en-la-mixteca-y-exige-justicia","status":"publish","type":"post","link":"https:\/\/zonaroja.com.mx\/?p=18204","title":{"rendered":"Condena el MULT asesinato de su militante en la Mixteca y exige justicia"},"content":{"rendered":"\n<p>Ismael Garc\u00eda M.\/Zona Roja.<\/p>\n\n\n\n<p>Oaxaca de Ju\u00e1rez, Oax., 30 de septiembre de 2020.- El Movimiento de Unificaci\u00f3n y Lucha Triqui (MULT) conden\u00f3 el asesinato de uno de sus militantes ocurrido ayer en la regi\u00f3n Mixteca de Oaxaca, donde adem\u00e1s resultaron lesionadas de bala dos mujeres.<\/p>\n\n\n\n<p>Asimismo, demand\u00f3 a la Fiscal\u00eda General del Estado indagar a la brevedad este crimen y otros que han ocurrido en contra de ind\u00edgenas triquis; \u201cexigimos asuman su responsabilidad para que este artero asesinato y agresi\u00f3n a nuestras compa\u00f1eras no quede sin castigo\u201d, expuso la organizaci\u00f3n social.<\/p>\n\n\n\n<p>Este martes en la madrugada, una familia fue emboscada en su veh\u00edculo cuando sal\u00eda de una fiesta patronal, en la localidad de R\u00edo Metate, perteneciente al municipio de Santiago Juxtlahuaca.<\/p>\n\n\n\n<p>En el lugar perdi\u00f3 la vida &nbsp;por disparos de arma de fuego &#8211;\u201ccon armas de alto poder\u201d&#8211;Felipe Guzm\u00e1n Mart\u00ednez, mientras que resultaron lesionadas su esposa Margarita Guzm\u00e1n Solano y su hija Esmeralda Sandoval Bravo, que se encuentran delicadas de salud en un hospital.<\/p>\n\n\n\n<p>El MULT conden\u00f3 adem\u00e1s:<\/p>\n\n\n\n<p>\u201cLa injerencia de personajes de la vida pol\u00edtica estatal, que a toda costa pretende seguir financiando la violencia en la regi\u00f3n para dividir y confrontar a nuestros hermanos y lograr su objetivo de terminar con el Movimiento de Unificaci\u00f3n y Lucha Triqui. \u00a1Jam\u00e1s lo lograr\u00e1n!\u201d.<\/p>\n\n\n\n<p>Pese a los m\u00faltiples hechos violentos, la organizaci\u00f3n social expuso en su comunicado que su plan de acci\u00f3n sigue en pie; \u201cratificamos nuestro compromiso de seguir impulsando el movimiento por la transformaci\u00f3n de Oaxaca, insistimos se haga realidad el cambio verdadero y se cumpla con el objetivo de la cuarta transformaci\u00f3n de la Rep\u00fablica. En esto no hay marcha atr\u00e1s\u201d.<\/p>\n","protected":false},"excerpt":{"rendered":"<p>Ismael Garc\u00eda M.\/Zona Roja. Oaxaca de Ju\u00e1rez, Oax., 30 de septiembre de 2020.- El Movimiento&hellip;<\/p>\n","protected":false},"author":2,"featured_media":18205,"comment_status":"closed","ping_status":"open","sticky":false,"template":"","format":"standard","meta":{"_lmt_disableupdate":"","_lmt_disable":"","_jetpack_memberships_contains_paid_content":false,"footnotes":""},"categories":[109,47],"tags":[732],"class_list":["post-18204","post","type-post","status-publish","format-standard","has-post-thumbnail","hentry","category-minuto-a-minuto","category-zona-gris","tag-movimiento-de-unificacion-y-lucha-triqui"],"jetpack_featured_media_url":"https:\/\/zonaroja.com.mx\/wp-content\/uploads\/2020\/09\/Comunicado-MULT.jpg","jetpack_sharing_enabled":true,"_links":{"self":[{"href":"https:\/\/zonaroja.com.mx\/index.php?rest_route=\/wp\/v2\/posts\/18204","targetHints":{"allow":["GET"]}}],"collection":[{"href":"https:\/\/zonaroja.com.mx\/index.php?rest_route=\/wp\/v2\/posts"}],"about":[{"href":"https:\/\/zonaroja.com.mx\/index.php?rest_route=\/wp\/v2\/types\/post"}],"author":[{"embeddable":true,"href":"https:\/\/zonaroja.com.mx\/index.php?rest_route=\/wp\/v2\/users\/2"}],"replies":[{"embeddable":true,"href":"https:\/\/zonaroja.com.mx\/index.php?rest_route=%2Fwp%2Fv2%2Fcomments&post=18204"}],"version-history":[{"count":1,"href":"https:\/\/zonaroja.com.mx\/index.php?rest_route=\/wp\/v2\/posts\/18204\/revisions"}],"predecessor-version":[{"id":18206,"href":"https:\/\/zonaroja.com.mx\/index.php?rest_route=\/wp\/v2\/posts\/18204\/revisions\/18206"}],"wp:featuredmedia":[{"embeddable":true,"href":"https:\/\/zonaroja.com.mx\/index.php?rest_route=\/wp\/v2\/media\/18205"}],"wp:attachment":[{"href":"https:\/\/zonaroja.com.mx\/index.php?rest_route=%2Fwp%2Fv2%2Fmedia&parent=18204"}],"wp:term":[{"taxonomy":"category","embeddable":true,"href":"https:\/\/zonaroja.com.mx\/index.php?rest_route=%2Fwp%2Fv2%2Fcategories&post=18204"},{"taxonomy":"post_tag","embeddable":true,"href":"https:\/\/zonaroja.com.mx\/index.php?rest_route=%2Fwp%2Fv2%2Ftags&post=18204"}],"curies":[{"name":"wp","href":"https:\/\/api.w.org\/{rel}","templated":true}]}}