{"id":18207,"date":"2020-09-30T10:28:43","date_gmt":"2020-09-30T15:28:43","guid":{"rendered":"http:\/\/www.zonaroja.com.mx\/?p=18207"},"modified":"2020-09-30T10:28:47","modified_gmt":"2020-09-30T15:28:47","slug":"promueve-judicatura-capacitacion-continua-en-personal-del-poder-judicial","status":"publish","type":"post","link":"https:\/\/zonaroja.com.mx\/?p=18207","title":{"rendered":"Promueve Judicatura capacitaci\u00f3n continua en personal del Poder Judicial"},"content":{"rendered":"\n<p>Redacci\u00f3n\/Zona Roja.<\/p>\n\n\n\n<p>Oaxaca de Ju\u00e1rez, Oax., 30 de septiembre de 2020.- A invitaci\u00f3n del Poder Judicial de Oaxaca, la acad\u00e9mica de la Universidad Nacional Aut\u00f3noma de M\u00e9xico (UNAM), Fabiola Mart\u00ednez Ram\u00edrez, impartir\u00e1 a servidores p\u00fablicos judiciales el curso \u201cTemas fundamentales de derecho procesal. Sobre los desaf\u00edos del procesalismo del siglo XXI\u201d.<\/p>\n\n\n\n<p>La ponente es especialista en Derecho Constitucional, Maestra en Derecho y Doctora por la (UNAM). Ha sido profesora de diversas instituciones tanto p\u00fablicas como privadas, en las materias: Juicio de Amparo, Derecho Procesal Constitucional y Derechos Humanos.<\/p>\n\n\n\n<p>Tambi\u00e9n es miembro del Colegio Nacional de Profesores de Derecho Procesal A.C., \u201cCipriano G\u00f3mez Lara\u201d, del Instituto Iberoamericano de Derecho Constitucional y del Instituto Mexicano de Derecho Procesal Constitucional. Cuenta con diversas publicaciones especializadas en Derecho Procesal, Derechos Humanos y Derecho Internacional de los Derechos Humanos.<\/p>\n\n\n\n<p>Durante el curso, a iniciar en fecha pr\u00f3xima, las y los servidores p\u00fablicos judiciales podr\u00e1n analizar los conceptos de la Teor\u00eda General del Proceso, estudiar los principios que lo regulan e identificar las categor\u00edas espec\u00edficas que se desprenden en procesos determinados desde una perspectiva te\u00f3rica y pr\u00e1ctica.<\/p>\n\n\n\n<p>El curso forma parte de los programas de formaci\u00f3n continua de la Escuela Judicial, que con el prop\u00f3sito de avanzar e impulsar la actualizaci\u00f3n y profesionalizaci\u00f3n de quienes intervienen en los diferentes procesos judiciales, sigue con las actividades de capacitaci\u00f3n en temas de Derechos Humanos, Derecho Civil, Familiar, Penal Sustantivo y Acusatorio Penal, entre otros, en la modalidad a distancia para el cuidado de la salud y la vida.<\/p>\n","protected":false},"excerpt":{"rendered":"<p>Redacci\u00f3n\/Zona Roja. Oaxaca de Ju\u00e1rez, Oax., 30 de septiembre de 2020.- A invitaci\u00f3n del Poder&hellip;<\/p>\n","protected":false},"author":2,"featured_media":18208,"comment_status":"closed","ping_status":"open","sticky":false,"template":"","format":"standard","meta":{"_lmt_disableupdate":"","_lmt_disable":"","_jetpack_memberships_contains_paid_content":false,"footnotes":""},"categories":[109,46],"tags":[223],"class_list":["post-18207","post","type-post","status-publish","format-standard","has-post-thumbnail","hentry","category-minuto-a-minuto","category-zona-blanca","tag-poder-judicial-de-oaxaca"],"jetpack_featured_media_url":"https:\/\/zonaroja.com.mx\/wp-content\/uploads\/2020\/09\/FOTO-maestra-fabiola-copia.jpg","jetpack_sharing_enabled":true,"_links":{"self":[{"href":"https:\/\/zonaroja.com.mx\/index.php?rest_route=\/wp\/v2\/posts\/18207","targetHints":{"allow":["GET"]}}],"collection":[{"href":"https:\/\/zonaroja.com.mx\/index.php?rest_route=\/wp\/v2\/posts"}],"about":[{"href":"https:\/\/zonaroja.com.mx\/index.php?rest_route=\/wp\/v2\/types\/post"}],"author":[{"embeddable":true,"href":"https:\/\/zonaroja.com.mx\/index.php?rest_route=\/wp\/v2\/users\/2"}],"replies":[{"embeddable":true,"href":"https:\/\/zonaroja.com.mx\/index.php?rest_route=%2Fwp%2Fv2%2Fcomments&post=18207"}],"version-history":[{"count":1,"href":"https:\/\/zonaroja.com.mx\/index.php?rest_route=\/wp\/v2\/posts\/18207\/revisions"}],"predecessor-version":[{"id":18209,"href":"https:\/\/zonaroja.com.mx\/index.php?rest_route=\/wp\/v2\/posts\/18207\/revisions\/18209"}],"wp:featuredmedia":[{"embeddable":true,"href":"https:\/\/zonaroja.com.mx\/index.php?rest_route=\/wp\/v2\/media\/18208"}],"wp:attachment":[{"href":"https:\/\/zonaroja.com.mx\/index.php?rest_route=%2Fwp%2Fv2%2Fmedia&parent=18207"}],"wp:term":[{"taxonomy":"category","embeddable":true,"href":"https:\/\/zonaroja.com.mx\/index.php?rest_route=%2Fwp%2Fv2%2Fcategories&post=18207"},{"taxonomy":"post_tag","embeddable":true,"href":"https:\/\/zonaroja.com.mx\/index.php?rest_route=%2Fwp%2Fv2%2Ftags&post=18207"}],"curies":[{"name":"wp","href":"https:\/\/api.w.org\/{rel}","templated":true}]}}