{"id":18215,"date":"2020-09-30T12:53:43","date_gmt":"2020-09-30T17:53:43","guid":{"rendered":"https:\/\/www.zonaroja.com.mx\/?p=18215"},"modified":"2020-09-30T12:57:30","modified_gmt":"2020-09-30T17:57:30","slug":"area-covid-en-hospital-civil-aun-saturada-semaforo-amarillo-no-coincide-con-realidad","status":"publish","type":"post","link":"https:\/\/zonaroja.com.mx\/?p=18215","title":{"rendered":"\u00c1rea Covid en Hospital Civil a\u00fan saturada; sem\u00e1foro amarillo no coincide con realidad"},"content":{"rendered":"\n<p class=\"MsoNormal\">Yuridiana Sosa\/Zona Roja. <\/p>\n\n\n\n<p class=\"MsoNormal\">Oaxaca de Ju\u00e1rez, Oax., 30 de septiembre de 2020.- El n\u00famero de pacientes Covid sigue al alza en Oaxaca y la ocupaci\u00f3n de camas por esa enfermedad en el Hospital Civil \u201cDr. Aurelio Valdivieso\u201d est\u00e1 al l\u00edmite, se\u00f1al\u00f3 el secretario general de la Subsecci\u00f3n 07 de la Secci\u00f3n 35 del Sindicato Nacional de Trabajadores de Salud (SNTSA), Alberto V\u00e1zquez San Germ\u00e1n. <\/p>\n\n\n\n<p class=\"MsoNormal\">Este escenario, asegur\u00f3, no es un caso particular de este nosocomio ni del Hospital \u201cPresidente Ju\u00e1rez\u201d del ISSSTE, pues tambi\u00e9n se presentan saturaciones en el Hospital Regional de Alta Especialidad y en el Hospital de la Mujer y el Ni\u00f1o, la cual podr\u00eda complicarse para el mes de octubre.<\/p>\n\n\n\n<p class=\"MsoNormal\">Por ese motivo, asever\u00f3, el sem\u00e1foro epidemiol\u00f3gico color amarillo, de riesgo medio, al que Oaxaca ingres\u00f3 <a href=\"\/\/1\">este lunes<\/a>, no corresponde con la realidad que se vive, pues -explic\u00f3- por falta de pruebas Covid, se aplican menos y los resultados llegan hasta las 72 horas.<\/p>\n\n\n\n<p class=\"MsoNormal\">\u201cSi se presenta un repunte vamos a tener un grave problema\u201d, dijo el representante de los trabajadores, quien demand\u00f3 a la Secretar\u00eda de Salud a nivel estatal y federal reestructurar sus reportes para que sus cifras coincidan con lo que realmente ocurre.<\/p>\n\n\n\n<p class=\"MsoNormal\">Por otra parte, respecto al pago del bono Covid-19, el secretario general de la Subsecci\u00f3n 07, del Hospital Civil, se\u00f1al\u00f3 que el 80 por ciento de los trabajadores activos durante la contingencia recibieron el pago.<\/p>\n\n\n\n<p class=\"MsoNormal\">Sin embargo, en otras unidades m\u00e9dicas en las regiones de la Sierra Norte, Istmo y Cuenca, los sindicalizados mantienen movilizaciones por la falta de este bono, el cual el Gobierno del Estado prometi\u00f3 depositarlo el pasado 25 de septiembre.<\/p>\n\n\n\n<p>En ese contexto, un grupo de sindicalizados bloqueo por unas horas la calle de Violetas de la ciudad de Oaxaca, as\u00ed como las oficinas administrativas de los Servicios de Salud, con la finalidad de solicitar dicho apoyo v<\/p>\n","protected":false},"excerpt":{"rendered":"<p>Yuridiana Sosa\/Zona Roja. Oaxaca de Ju\u00e1rez, Oax., 30 de septiembre de 2020.- El n\u00famero de&hellip;<\/p>\n","protected":false},"author":2,"featured_media":18214,"comment_status":"closed","ping_status":"open","sticky":false,"template":"","format":"standard","meta":{"_lmt_disableupdate":"","_lmt_disable":"","_jetpack_memberships_contains_paid_content":false,"footnotes":""},"categories":[109,47],"tags":[1005],"class_list":["post-18215","post","type-post","status-publish","format-standard","has-post-thumbnail","hentry","category-minuto-a-minuto","category-zona-gris","tag-servicios-de-salud-de-oaxaca-sso"],"jetpack_featured_media_url":"https:\/\/zonaroja.com.mx\/wp-content\/uploads\/2020\/09\/d74ebe12-4d09-4794-94cf-beca60455b78.jpg","jetpack_sharing_enabled":true,"_links":{"self":[{"href":"https:\/\/zonaroja.com.mx\/index.php?rest_route=\/wp\/v2\/posts\/18215","targetHints":{"allow":["GET"]}}],"collection":[{"href":"https:\/\/zonaroja.com.mx\/index.php?rest_route=\/wp\/v2\/posts"}],"about":[{"href":"https:\/\/zonaroja.com.mx\/index.php?rest_route=\/wp\/v2\/types\/post"}],"author":[{"embeddable":true,"href":"https:\/\/zonaroja.com.mx\/index.php?rest_route=\/wp\/v2\/users\/2"}],"replies":[{"embeddable":true,"href":"https:\/\/zonaroja.com.mx\/index.php?rest_route=%2Fwp%2Fv2%2Fcomments&post=18215"}],"version-history":[{"count":1,"href":"https:\/\/zonaroja.com.mx\/index.php?rest_route=\/wp\/v2\/posts\/18215\/revisions"}],"predecessor-version":[{"id":18216,"href":"https:\/\/zonaroja.com.mx\/index.php?rest_route=\/wp\/v2\/posts\/18215\/revisions\/18216"}],"wp:featuredmedia":[{"embeddable":true,"href":"https:\/\/zonaroja.com.mx\/index.php?rest_route=\/wp\/v2\/media\/18214"}],"wp:attachment":[{"href":"https:\/\/zonaroja.com.mx\/index.php?rest_route=%2Fwp%2Fv2%2Fmedia&parent=18215"}],"wp:term":[{"taxonomy":"category","embeddable":true,"href":"https:\/\/zonaroja.com.mx\/index.php?rest_route=%2Fwp%2Fv2%2Fcategories&post=18215"},{"taxonomy":"post_tag","embeddable":true,"href":"https:\/\/zonaroja.com.mx\/index.php?rest_route=%2Fwp%2Fv2%2Ftags&post=18215"}],"curies":[{"name":"wp","href":"https:\/\/api.w.org\/{rel}","templated":true}]}}