{"id":18222,"date":"2020-09-30T18:04:45","date_gmt":"2020-09-30T23:04:45","guid":{"rendered":"http:\/\/www.zonaroja.com.mx\/?p=18222"},"modified":"2020-09-30T18:47:48","modified_gmt":"2020-09-30T23:47:48","slug":"de-prensa-de-gobierno-de-oaxaca-vendrian-ataques-a-delegada-de-profeco","status":"publish","type":"post","link":"https:\/\/zonaroja.com.mx\/?p=18222","title":{"rendered":"De prensa de gobierno de Oaxaca, vendr\u00edan ataques a delegada de Profeco"},"content":{"rendered":"\n<p>Redacci\u00f3n\/Zona Roja.<\/p>\n\n\n\n<p>Oaxaca de Ju\u00e1rez, Oax., 30 de septiembre de 2020.- Ante los ataques en redes sociales a la responsable de la Profeco en Oaxaca,  Lourdes Santiago Cruz, el presidente de la Junta de Coordinaci\u00f3n Pol\u00edtica de la 64 Legislatura de Oaxaca, Horacio Sosa Villavivencio, pidi\u00f3 al Gobierno del Estado frenar la campa\u00f1a.<\/p>\n\n\n\n<p>\u201cSolicito al vocero del gobierno de Oaxaca, Francisco Vallejo Gil, detener los ataques medi\u00e1ticos contra la delegada de Profeco, Lourdes Santiago. La violencia contra las mujeres es inadmisible, m\u00e1s a\u00fan cuando se utilizan mentiras para denostarlas\u201d, dijo a trav\u00e9s de sus redes sociales.<\/p>\n\n\n\n<p>Y es que tras la marcha de grupos feministas en la capital de Oaxaca, el pasado 28 de septiembre, en que vandalizaron varios inmuebles, presuntamente &#8211;de acuerdo con im\u00e1genes&#8211; la funcionaria federal habr\u00eda participado en la movilizaci\u00f3n.<\/p>\n\n\n\n<figure class=\"wp-block-embed-twitter wp-block-embed is-type-rich is-provider-twitter\"><div class=\"wp-block-embed__wrapper\">\n<div class=\"twitter-tweet\"><blockquote class=\"twitter-tweet\" data-lang=\"es\"><p lang=\"es\" dir=\"ltr\">Solicito al vocero del <a href=\"https:\/\/twitter.com\/GobOax?ref_src=twsrc%5Etfw\">@GobOax<\/a>, Francisco Vallejo Gil (<a href=\"https:\/\/twitter.com\/fvallejogil?ref_src=twsrc%5Etfw\">@fvallejogil<\/a>) detener los ataques medi\u00e1ticos contra la delegada de <a href=\"https:\/\/twitter.com\/Profeco?ref_src=twsrc%5Etfw\">@Profeco<\/a>, Lourdes Santiago (<a href=\"https:\/\/twitter.com\/mayelule2?ref_src=twsrc%5Etfw\">@mayelule2<\/a>). <br>La violencia contra las mujeres es inadmisible, m\u00e1s a\u00fan cuando se utilizan mentiras para denostarlas.<\/p>&mdash; Horacio Sosa (@HoracioSosaOax) <a href=\"https:\/\/twitter.com\/HoracioSosaOax\/status\/1311404471033962496?ref_src=twsrc%5Etfw\">30 de septiembre de 2020<\/a><\/blockquote><\/div>\n<\/div><\/figure>\n\n\n\n<p>Sin embargo, tambi\u00e9n a trav\u00e9s de las redes sociales, la delegada de Profeco precis\u00f3 que se encontraba confinada en casa debido al padecimiento por Covid-19 y que adem\u00e1s, desde que est\u00e1 en la funci\u00f3n p\u00fablica, se ha abstenido de participar en actividades ajenas a su labor.<\/p>\n\n\n\n<p>Tambi\u00e9n, durante la sesi\u00f3n ordinaria de este mi\u00e9rcoles, en Asuntos Generales la diputada Elisa Zepeda Lagunas se pronunci\u00f3 por detener las agresiones en contra de Lourdes Santiago.<\/p>\n\n\n\n<p>La ahora presidenta de la Mesa Directiva de la Diputaci\u00f3n Permanente, solicit\u00f3 se deje de se\u00f1alar a la funcionaria federal, pues ello significa violencia en contra de ella, sobre todo en actividades que no participo.<\/p>\n\n\n\n<figure class=\"wp-block-embed-twitter wp-block-embed is-type-rich is-provider-twitter\"><div class=\"wp-block-embed__wrapper\">\n<div class=\"twitter-tweet\"><blockquote class=\"twitter-tweet\" data-lang=\"es\"><p lang=\"es\" dir=\"ltr\">Ante se\u00f1alamiento de que particip\u00e9 en marcha en Oaxaca el 28S, informo que es totalmente falso. Me asumo feminista y fui activista en distintos movimientos sociales, sin embargo, a partir de mi nombramiento como titular de Profeco en el estado me he mantenido atenta a mi trabajo.<\/p>&mdash; Lourdes Santiago (@mayelule2) <a href=\"https:\/\/twitter.com\/mayelule2\/status\/1310952494277816321?ref_src=twsrc%5Etfw\">29 de septiembre de 2020<\/a><\/blockquote><\/div>\n<\/div><\/figure>\n\n\n\n<p>PIDEN GARANT\u00cdAS<\/p>\n\n\n\n<p>Por otra parte, con respecto a los casos de Covid-19 en la representaci\u00f3n de la Procuradur\u00eda Federal del Consumidor (Profeco), a m\u00e1s de un mes de confirmarse que 11 trabajadores de la oficina en Oaxaca estuvieron contagiados, esta semana regresaron a laborar de forma presencial, entre ellas la directora de la Oficina de Defensa del Consumidor (ODCE) de \u00abBenito Ju\u00e1rez\u00bb de Profeco, Mar\u00eda de Lourdes Santiago Cruz.<\/p>\n\n\n\n<p>La funcionaria inform\u00f3 que el regreso se registra bajo las condiciones sanitarias recomendadas, para lo cual la direcci\u00f3n se coordina con el Sindicato Nacional de Trabajadores de la Profeco para la reincorporaci\u00f3n escalonada de los empleados.<\/p>\n\n\n\n<p>Para el personal en condiciones de vulnerabilidad tambi\u00e9n se est\u00e1n tomando en cuenta las medidas que emiten las autoridades federales para no exponer su salud.<\/p>\n\n\n\n<p>Detall\u00f3 que el lunes comenz\u00f3 el regreso de los trabajadores a las oficinas ubicadas en la colonia Reforma, al norte de la capital, quienes presentaron constancia de alta m\u00e9dica proporcionada por el ISSSTE. En su caso, agreg\u00f3, se incorpor\u00f3 este mi\u00e9rcoles con el mismo procedimiento y tras cumplir con el aislamiento obligado.<\/p>\n\n\n\n<p>Agreg\u00f3 que para el resto de los servidores p\u00fablicos que no son parte de los grupos vulnerables y no dieron positivo a Covid-19, tambi\u00e9n se tomaron medidas con el seguimiento m\u00e9dico por parte de los Servicios de Salud de Oaxaca y el ISSSTE.<\/p>\n\n\n\n<p>El Sindicato Nacional de Trabajadores de la Profeco, representaci\u00f3n sindical ODECO Zona Benito Ju\u00e1rez Oaxaca, demand\u00f3 a las autoridades federales la instalaci\u00f3n de un consultorio m\u00e9dico preventivo en el centro de trabajo, as\u00ed como botiquines adecuados y surtidos en el resto de las oficinas.<\/p>\n\n\n\n<p><\/p>\n","protected":false},"excerpt":{"rendered":"<p>Redacci\u00f3n\/Zona Roja. Oaxaca de Ju\u00e1rez, Oax., 30 de septiembre de 2020.- Ante los ataques en&hellip;<\/p>\n","protected":false},"author":2,"featured_media":5618,"comment_status":"closed","ping_status":"open","sticky":false,"template":"","format":"standard","meta":{"_lmt_disableupdate":"","_lmt_disable":"","_jetpack_memberships_contains_paid_content":false,"footnotes":""},"categories":[109,47],"tags":[1251],"class_list":["post-18222","post","type-post","status-publish","format-standard","has-post-thumbnail","hentry","category-minuto-a-minuto","category-zona-gris","tag-maria-de-lourdes-santiago-cruz"],"jetpack_featured_media_url":"https:\/\/zonaroja.com.mx\/wp-content\/uploads\/2019\/11\/Mar\u00eda-de-Lourdes-Santiago-Cruz.jpg","jetpack_sharing_enabled":true,"_links":{"self":[{"href":"https:\/\/zonaroja.com.mx\/index.php?rest_route=\/wp\/v2\/posts\/18222","targetHints":{"allow":["GET"]}}],"collection":[{"href":"https:\/\/zonaroja.com.mx\/index.php?rest_route=\/wp\/v2\/posts"}],"about":[{"href":"https:\/\/zonaroja.com.mx\/index.php?rest_route=\/wp\/v2\/types\/post"}],"author":[{"embeddable":true,"href":"https:\/\/zonaroja.com.mx\/index.php?rest_route=\/wp\/v2\/users\/2"}],"replies":[{"embeddable":true,"href":"https:\/\/zonaroja.com.mx\/index.php?rest_route=%2Fwp%2Fv2%2Fcomments&post=18222"}],"version-history":[{"count":2,"href":"https:\/\/zonaroja.com.mx\/index.php?rest_route=\/wp\/v2\/posts\/18222\/revisions"}],"predecessor-version":[{"id":18225,"href":"https:\/\/zonaroja.com.mx\/index.php?rest_route=\/wp\/v2\/posts\/18222\/revisions\/18225"}],"wp:featuredmedia":[{"embeddable":true,"href":"https:\/\/zonaroja.com.mx\/index.php?rest_route=\/wp\/v2\/media\/5618"}],"wp:attachment":[{"href":"https:\/\/zonaroja.com.mx\/index.php?rest_route=%2Fwp%2Fv2%2Fmedia&parent=18222"}],"wp:term":[{"taxonomy":"category","embeddable":true,"href":"https:\/\/zonaroja.com.mx\/index.php?rest_route=%2Fwp%2Fv2%2Fcategories&post=18222"},{"taxonomy":"post_tag","embeddable":true,"href":"https:\/\/zonaroja.com.mx\/index.php?rest_route=%2Fwp%2Fv2%2Ftags&post=18222"}],"curies":[{"name":"wp","href":"https:\/\/api.w.org\/{rel}","templated":true}]}}