{"id":18226,"date":"2020-09-30T19:02:33","date_gmt":"2020-10-01T00:02:33","guid":{"rendered":"http:\/\/www.zonaroja.com.mx\/?p=18226"},"modified":"2020-09-30T19:02:37","modified_gmt":"2020-10-01T00:02:37","slug":"anuncia-amic-apoyos-a-colonias-olvidadas-por-autoridades-municipales-de-oaxaca","status":"publish","type":"post","link":"https:\/\/zonaroja.com.mx\/?p=18226","title":{"rendered":"Anuncia AMIC apoyos a colonias olvidadas por autoridades municipales de Oaxaca"},"content":{"rendered":"\n<p>Redacci\u00f3n\/Zona Roja.<\/p>\n\n\n\n<p>Oaxaca de Ju\u00e1rez, Oax., 30 de septiembre de 2020.- El presidente de la Asociaci\u00f3n Mexicana de la Industria de la Construcci\u00f3n (AMIC), Javier Ch\u00e1vez, anunci\u00f3 un programa de apoyos a colonias y agencias municipales de la ciudad de Oaxaca, que han quedado descobijadas por el ayuntamiento capitalino.<\/p>\n\n\n\n<p>La decisi\u00f3n fue consensuada con los miembros de la delegaci\u00f3n Oaxaca de la AMIC, tras conocerse el programa de bacheo que realizar\u00e1n las autoridades municipales, durante los pr\u00f3ximos tres meses, para reparar calles afectadas por las lluvias.<\/p>\n\n\n\n<p>\u201cEs lamentable que el ayuntamiento de Oaxaca se tarde tres meses para bachear o reparar las calles que fueron afectadas por las lluvias, cuando los ciudadanos de la capital las sufrimos todos los d\u00edas\u201d, indic\u00f3 Javier Ch\u00e1vez en entrevista.<\/p>\n\n\n\n<p>\u201cDe acuerdo con el calendario del programa municipal, se van a llevar todo el a\u00f1o reparando las calles y aun as\u00ed no van a alcanzar a cubrir toda la ciudad, por ello, las Brigadas AMIC van a seguir trabajando en la capital y su zona metropolitana\u201d, adelant\u00f3.<\/p>\n\n\n\n<p>Indic\u00f3 que en los pr\u00f3ximos d\u00edas, dar\u00e1 a conocer un calendario propio para atender las zonas que no ser\u00e1n contempladas por las autoridades, porque, a pesar a la actitud que tom\u00f3 el alcalde Oswaldo Garc\u00eda Jarqu\u00edn, de impedir la iniciativa ciudadana, van a continuar apoyando a la gente.<\/p>\n\n\n\n<p>Adem\u00e1s, la AMIC va a habilitar n\u00famero de contacto para que la gente que solicite el apoyo de las brigadas, pueda ser atendida de manera inmediata a trav\u00e9s de los trabajos que se hacen para beneficiar a la ciudadan\u00eda.<\/p>\n\n\n\n<p>El presidente del organismo civil rechaz\u00f3 las acusaciones que realizara el edil capitalino, quien se\u00f1al\u00f3 que el trabajo de la asociaci\u00f3n era con fines pol\u00edticos.<\/p>\n\n\n\n<p>\u201cTodo lo que hacemos desde la AMIC tiene como \u00fanico objetivo beneficiar a la poblaci\u00f3n m\u00e1s desprotegida, por eso estamos trabajando en tapar baches, entregando caretas y cubrebocas y repartiendo despensas en diferentes zonas de la ciudad.<\/p>\n\n\n\n<p>\u201cSi el presidente municipal considera que el hacer desde la causa ciudadana el trabajo que le corresponder\u00eda hacer a ellos como autoridades, pues est\u00e1 equivocado y lo que le sugerimos es ponerse a trabajar, en lugar de estar buscando confrontaci\u00f3n, con quienes podemos ser aliados de la ciudadan\u00eda oaxaque\u00f1a\u201d, dijo.<\/p>\n\n\n\n<p>La AMIC cuenta con un amplio cat\u00e1logo de iniciativas ciudadanas que se ejecutan a trav\u00e9s de las Brigadas AMIC, cuya \u00fanica finalidad es atender diversas necesidades de grupos vulnerables y de la poblaci\u00f3n m\u00e1s desprotegida de Oaxaca, explic\u00f3.<\/p>\n","protected":false},"excerpt":{"rendered":"<p>Redacci\u00f3n\/Zona Roja. Oaxaca de Ju\u00e1rez, Oax., 30 de septiembre de 2020.- El presidente de la&hellip;<\/p>\n","protected":false},"author":2,"featured_media":18227,"comment_status":"closed","ping_status":"open","sticky":false,"template":"","format":"standard","meta":{"_lmt_disableupdate":"","_lmt_disable":"","_jetpack_memberships_contains_paid_content":false,"footnotes":""},"categories":[109,46],"tags":[1918,1919],"class_list":["post-18226","post","type-post","status-publish","format-standard","has-post-thumbnail","hentry","category-minuto-a-minuto","category-zona-blanca","tag-asociacion-mexicana-de-la-industria-de-la-construccion","tag-javier-chavez-rosales"],"jetpack_featured_media_url":"https:\/\/zonaroja.com.mx\/wp-content\/uploads\/2020\/09\/Bacheo-AMIC.jpg","jetpack_sharing_enabled":true,"_links":{"self":[{"href":"https:\/\/zonaroja.com.mx\/index.php?rest_route=\/wp\/v2\/posts\/18226","targetHints":{"allow":["GET"]}}],"collection":[{"href":"https:\/\/zonaroja.com.mx\/index.php?rest_route=\/wp\/v2\/posts"}],"about":[{"href":"https:\/\/zonaroja.com.mx\/index.php?rest_route=\/wp\/v2\/types\/post"}],"author":[{"embeddable":true,"href":"https:\/\/zonaroja.com.mx\/index.php?rest_route=\/wp\/v2\/users\/2"}],"replies":[{"embeddable":true,"href":"https:\/\/zonaroja.com.mx\/index.php?rest_route=%2Fwp%2Fv2%2Fcomments&post=18226"}],"version-history":[{"count":1,"href":"https:\/\/zonaroja.com.mx\/index.php?rest_route=\/wp\/v2\/posts\/18226\/revisions"}],"predecessor-version":[{"id":18228,"href":"https:\/\/zonaroja.com.mx\/index.php?rest_route=\/wp\/v2\/posts\/18226\/revisions\/18228"}],"wp:featuredmedia":[{"embeddable":true,"href":"https:\/\/zonaroja.com.mx\/index.php?rest_route=\/wp\/v2\/media\/18227"}],"wp:attachment":[{"href":"https:\/\/zonaroja.com.mx\/index.php?rest_route=%2Fwp%2Fv2%2Fmedia&parent=18226"}],"wp:term":[{"taxonomy":"category","embeddable":true,"href":"https:\/\/zonaroja.com.mx\/index.php?rest_route=%2Fwp%2Fv2%2Fcategories&post=18226"},{"taxonomy":"post_tag","embeddable":true,"href":"https:\/\/zonaroja.com.mx\/index.php?rest_route=%2Fwp%2Fv2%2Ftags&post=18226"}],"curies":[{"name":"wp","href":"https:\/\/api.w.org\/{rel}","templated":true}]}}