{"id":18233,"date":"2020-09-30T21:42:20","date_gmt":"2020-10-01T02:42:20","guid":{"rendered":"http:\/\/www.zonaroja.com.mx\/?p=18233"},"modified":"2020-09-30T21:42:24","modified_gmt":"2020-10-01T02:42:24","slug":"frente-a-la-pandemia-210-trabajadores-en-el-hospital-issste-en-tuxtepec-mantendran-area-covid-activa","status":"publish","type":"post","link":"https:\/\/zonaroja.com.mx\/?p=18233","title":{"rendered":"Frente a la pandemia, 210 trabajadores en el Hospital ISSSTE en Tuxtepec; mantendr\u00e1n \u00e1rea Covid activa"},"content":{"rendered":"\n<p>Yuridiana Sosa\/Zona Roja.<\/p>\n\n\n\n<p>San Juan Bautista Tuxtepec, Oax., 30 de septiembre de 2020.- La labor de 210 trabajadores del Hospital- Cl\u00ednica del Instituto de Seguridad y Servicios Sociales de los Trabajadores del Estado (ISSSTE) en Tuxtepec, frente a la pandemia de Covid-19, fue reconocida este mi\u00e9rcoles por la direcci\u00f3n del nosocomio y el Sindicato Nacional de Trabajadores del ISSSTE.<\/p>\n\n\n\n<p>La delegada sindical del nosocomio, Olivia Sosa Rangel, se\u00f1al\u00f3 que este hospital del orden federal no cuenta con \u00e1rea de terapia intensiva, sin embargo, el desempe\u00f1o del personal m\u00e9dico y enfermer\u00eda fue fundamental para enfrentar con responsabilidad la crisis.<\/p>\n\n\n\n<p>Pero, dijo, tambi\u00e9n es importante la labor de camilleros, \u00e1rea de intendencia, cocina, vigilancia, entre otras, que en su conjunto mantuvieron activo al hospital en la etapa que hasta ahora ha sido la m\u00e1s complicada, con saturaci\u00f3n de los espacios destinados a \u00e1rea Covid.<\/p>\n\n\n\n<p>El sencillo reconocimiento se realiz\u00f3 entre los mismos trabajadores, quienes se homenajearon con aplausos al recordar las extenuantes jornadas, las cuales en el mes de julio las vivieron hasta con seis defunciones diarias; as\u00ed tambi\u00e9n recordaron a un trabajador administrativo del hospital que perdi\u00f3 la batalla del Covid-19.<\/p>\n\n\n\n<p>La delegada sindical agreg\u00f3 que al paso de la contingencia el hospital recibi\u00f3 equipo m\u00e9dico para mejorar las atenciones y autorizaci\u00f3n para la contrataci\u00f3n de m\u00e1s personal ante la ausencia de decenas de trabajadores por ser parte del grupo vulnerable.<\/p>\n\n\n\n<p>Aunque la cifra en el registro de casos disminuy\u00f3, la delegada se\u00f1al\u00f3 que mantendr\u00e1n vigente el \u00e1rea Covid, con un promedio de ocho camas, pues existe el riesgo de un posible repunte de casos en meses pr\u00f3ximos por el relajamiento de medidas preventivas en la poblaci\u00f3n o por la temporada invernal donde se registra una mayor cantidad de enfermedades respiratorias.<\/p>\n","protected":false},"excerpt":{"rendered":"<p>Yuridiana Sosa\/Zona Roja. San Juan Bautista Tuxtepec, Oax., 30 de septiembre de 2020.- La labor&hellip;<\/p>\n","protected":false},"author":2,"featured_media":18234,"comment_status":"closed","ping_status":"open","sticky":false,"template":"","format":"standard","meta":{"_lmt_disableupdate":"","_lmt_disable":"","_jetpack_memberships_contains_paid_content":false,"footnotes":""},"categories":[109,47],"tags":[1512],"class_list":["post-18233","post","type-post","status-publish","format-standard","has-post-thumbnail","hentry","category-minuto-a-minuto","category-zona-gris","tag-coronavirus-oaxaca"],"jetpack_featured_media_url":"https:\/\/zonaroja.com.mx\/wp-content\/uploads\/2020\/09\/Clinica-hospital-ISSSTE-Tuxtepec.jpg","jetpack_sharing_enabled":true,"_links":{"self":[{"href":"https:\/\/zonaroja.com.mx\/index.php?rest_route=\/wp\/v2\/posts\/18233","targetHints":{"allow":["GET"]}}],"collection":[{"href":"https:\/\/zonaroja.com.mx\/index.php?rest_route=\/wp\/v2\/posts"}],"about":[{"href":"https:\/\/zonaroja.com.mx\/index.php?rest_route=\/wp\/v2\/types\/post"}],"author":[{"embeddable":true,"href":"https:\/\/zonaroja.com.mx\/index.php?rest_route=\/wp\/v2\/users\/2"}],"replies":[{"embeddable":true,"href":"https:\/\/zonaroja.com.mx\/index.php?rest_route=%2Fwp%2Fv2%2Fcomments&post=18233"}],"version-history":[{"count":1,"href":"https:\/\/zonaroja.com.mx\/index.php?rest_route=\/wp\/v2\/posts\/18233\/revisions"}],"predecessor-version":[{"id":18235,"href":"https:\/\/zonaroja.com.mx\/index.php?rest_route=\/wp\/v2\/posts\/18233\/revisions\/18235"}],"wp:featuredmedia":[{"embeddable":true,"href":"https:\/\/zonaroja.com.mx\/index.php?rest_route=\/wp\/v2\/media\/18234"}],"wp:attachment":[{"href":"https:\/\/zonaroja.com.mx\/index.php?rest_route=%2Fwp%2Fv2%2Fmedia&parent=18233"}],"wp:term":[{"taxonomy":"category","embeddable":true,"href":"https:\/\/zonaroja.com.mx\/index.php?rest_route=%2Fwp%2Fv2%2Fcategories&post=18233"},{"taxonomy":"post_tag","embeddable":true,"href":"https:\/\/zonaroja.com.mx\/index.php?rest_route=%2Fwp%2Fv2%2Ftags&post=18233"}],"curies":[{"name":"wp","href":"https:\/\/api.w.org\/{rel}","templated":true}]}}