{"id":18239,"date":"2020-09-30T22:46:02","date_gmt":"2020-10-01T03:46:02","guid":{"rendered":"http:\/\/www.zonaroja.com.mx\/?p=18239"},"modified":"2020-09-30T22:57:58","modified_gmt":"2020-10-01T03:57:58","slug":"cierra-miercoles-con-otros-tres-asesinatos-entre-ellos-el-de-un-profesor-bilingue","status":"publish","type":"post","link":"https:\/\/zonaroja.com.mx\/?p=18239","title":{"rendered":"Cierra mi\u00e9rcoles con tres asesinatos, entre ellos el de un profesor biling\u00fce"},"content":{"rendered":"\n<p>Ismael Garc\u00eda M.\/Zona Roja.<\/p>\n\n\n\n<p>Oaxaca de Ju\u00e1rez, Oax., 30 de septiembre de 2020.- En el \u00faltimo d\u00eda de septiembre, tres personas fueron ejecutadas por disparos de arma de fuego, dos de ellas en la regi\u00f3n Mixteca y una en el Istmo de Tehuantepec, Oaxaca. <\/p>\n\n\n\n<p>Esta noche, en el estacionamiento de la cl\u00ednica del Instituto Mexicano del Seguro Social de Huajuapan de Le\u00f3n, fue ultimado un individuo, cuya identidad a\u00fan se desconoce.<\/p>\n\n\n\n<p>Presuntamente fue atacado por al menos dos individuos, cuando caminaba en el estacionamiento de ese inmueble oficial, ubicado en la colonia Jardines del Sur; hasta el momento no hay detenidos.<\/p>\n\n\n\n<p>Horas antes, en Santo Domingo Tehuantepec, fue ultimado a balazos un individuo, en el interior de un bar ubicado en la calle San Pedro del barrio Guichivere; de manera preliminar el hoy occiso fue identificado como Mois\u00e9s, vecino del barrio Vixhana, y tambi\u00e9n se desconoce qui\u00e9n o qui\u00e9nes lo hayan ultimado.<\/p>\n\n\n\n<p>Mientras que al mediod\u00eda, a la altura del kil\u00f3metro 101 de la carretera federal n\u00famero 125 \u201cAlfonso P\u00e9rez Gasga\u201d, en Putla Villa de Guerrero, fue ultimado a balazos un hombre, en el interior de su unidad de motor, marca Nissan, con placas de circulaci\u00f3n TMB-7151.<\/p>\n\n\n\n<p>Fue identificado como Aniceto B. E., quien se desempe\u00f1aba como profesor biling\u00fce y en sus ratos libres como chofer de un taxi; en este caso tampoco hay personas detenidas.<\/p>\n","protected":false},"excerpt":{"rendered":"<p>Ismael Garc\u00eda M.\/Zona Roja. Oaxaca de Ju\u00e1rez, Oax., 30 de septiembre de 2020.- En el&hellip;<\/p>\n","protected":false},"author":2,"featured_media":18240,"comment_status":"closed","ping_status":"open","sticky":false,"template":"","format":"standard","meta":{"_lmt_disableupdate":"","_lmt_disable":"","_jetpack_memberships_contains_paid_content":false,"footnotes":""},"categories":[109,51],"tags":[664],"class_list":["post-18239","post","type-post","status-publish","format-standard","has-post-thumbnail","hentry","category-minuto-a-minuto","category-zona-roja","tag-homicidios-oaxaca"],"jetpack_featured_media_url":"https:\/\/zonaroja.com.mx\/wp-content\/uploads\/2020\/09\/Ejecutado-Huajuapan-de-Leon.jpg","jetpack_sharing_enabled":true,"_links":{"self":[{"href":"https:\/\/zonaroja.com.mx\/index.php?rest_route=\/wp\/v2\/posts\/18239","targetHints":{"allow":["GET"]}}],"collection":[{"href":"https:\/\/zonaroja.com.mx\/index.php?rest_route=\/wp\/v2\/posts"}],"about":[{"href":"https:\/\/zonaroja.com.mx\/index.php?rest_route=\/wp\/v2\/types\/post"}],"author":[{"embeddable":true,"href":"https:\/\/zonaroja.com.mx\/index.php?rest_route=\/wp\/v2\/users\/2"}],"replies":[{"embeddable":true,"href":"https:\/\/zonaroja.com.mx\/index.php?rest_route=%2Fwp%2Fv2%2Fcomments&post=18239"}],"version-history":[{"count":3,"href":"https:\/\/zonaroja.com.mx\/index.php?rest_route=\/wp\/v2\/posts\/18239\/revisions"}],"predecessor-version":[{"id":18246,"href":"https:\/\/zonaroja.com.mx\/index.php?rest_route=\/wp\/v2\/posts\/18239\/revisions\/18246"}],"wp:featuredmedia":[{"embeddable":true,"href":"https:\/\/zonaroja.com.mx\/index.php?rest_route=\/wp\/v2\/media\/18240"}],"wp:attachment":[{"href":"https:\/\/zonaroja.com.mx\/index.php?rest_route=%2Fwp%2Fv2%2Fmedia&parent=18239"}],"wp:term":[{"taxonomy":"category","embeddable":true,"href":"https:\/\/zonaroja.com.mx\/index.php?rest_route=%2Fwp%2Fv2%2Fcategories&post=18239"},{"taxonomy":"post_tag","embeddable":true,"href":"https:\/\/zonaroja.com.mx\/index.php?rest_route=%2Fwp%2Fv2%2Ftags&post=18239"}],"curies":[{"name":"wp","href":"https:\/\/api.w.org\/{rel}","templated":true}]}}