{"id":1825,"date":"2019-06-25T09:39:56","date_gmt":"2019-06-25T14:39:56","guid":{"rendered":"http:\/\/www.zonaroja.com.mx\/?p=1825"},"modified":"2019-06-25T07:41:54","modified_gmt":"2019-06-25T12:41:54","slug":"istmo-violento-un-asalto-a-coppel-un-asesinado-y-menor-que-se-suicida","status":"publish","type":"post","link":"https:\/\/zonaroja.com.mx\/?p=1825","title":{"rendered":"Istmo violento: un asalto a Coppel, un asesinado y menor que se suicida"},"content":{"rendered":"\n<p>Redacci\u00f3n<\/p>\n\n\n\n<p>Oaxaca de\nJu\u00e1rez, Oax., 25 de junio de 2019.- Una persona asesinada a balazos, un asalto\na la tienda Coppel y un adolescente que se quit\u00f3 la vida, es el saldo del lunes\nviolento en la regi\u00f3n del Istmo de Tehuantepec.<\/p>\n\n\n\n<p>De acuerdo\ncon informes policiales, alrededor de las 22:00 horas de anoche en la colonia Rinc\u00f3n\nViejo Norte del municipio de Mat\u00edas Romero Avenda\u00f1o, fue ultimada a balazos una\npersona del sexo masculino, que hasta esta ma\u00f1ana no ha sido identificado.<\/p>\n\n\n\n<p>En el\nmunicipio de Ciudad Ixtepec, un grupo de al menos cuatro personas armadas ingres\u00f3\na la tienda Coppel, ubicada en la calle 16 de Septiembre de la colonia\nEstaci\u00f3n; amag\u00f3 a los empleados y clientes y rob\u00f3 pertenencias de los que se\nencontraban en el lugar, as\u00ed como diversos art\u00edculos, tras lo cual huyeron.<\/p>\n\n\n\n<p>Mientras que\nen el municipio de Juchit\u00e1n de Zaragoza, un adolescente de aproximadamente 17\na\u00f1os de edad, a quien identificaron como Jacinto L. S., se quit\u00f3 la vida. Su\ncuerpo fue localizado en el interior de su domicilio, ubicado en la avenida\nBelisario Dom\u00ednguez de la Cuarta Secci\u00f3n.<\/p>\n\n\n\n<p>Por otra\nparte, el fin de semana se report\u00f3 el intento de linchamiento de una persona en\nel municipio de San Juan&nbsp; Guichicovi; el\ncuerpo fue colgado en la plaza p\u00fablica tras ser golpeado por tratarse de un\npresunto asaltante; finalmente fue entregado a las autoridades policiacas<\/p>\n","protected":false},"excerpt":{"rendered":"<p>Redacci\u00f3n Oaxaca de Ju\u00e1rez, Oax., 25 de junio de 2019.- Una persona asesinada a balazos,&hellip;<\/p>\n","protected":false},"author":2,"featured_media":1712,"comment_status":"closed","ping_status":"open","sticky":false,"template":"","format":"standard","meta":{"_lmt_disableupdate":"","_lmt_disable":"","_jetpack_memberships_contains_paid_content":false,"footnotes":""},"categories":[109,51],"tags":[58],"class_list":["post-1825","post","type-post","status-publish","format-standard","has-post-thumbnail","hentry","category-minuto-a-minuto","category-zona-roja","tag-oaxaca"],"jetpack_featured_media_url":"https:\/\/zonaroja.com.mx\/wp-content\/uploads\/2019\/06\/54ec1937-ea43-4b06-a371-29cc9eb1d75e.jpg","jetpack_sharing_enabled":true,"_links":{"self":[{"href":"https:\/\/zonaroja.com.mx\/index.php?rest_route=\/wp\/v2\/posts\/1825","targetHints":{"allow":["GET"]}}],"collection":[{"href":"https:\/\/zonaroja.com.mx\/index.php?rest_route=\/wp\/v2\/posts"}],"about":[{"href":"https:\/\/zonaroja.com.mx\/index.php?rest_route=\/wp\/v2\/types\/post"}],"author":[{"embeddable":true,"href":"https:\/\/zonaroja.com.mx\/index.php?rest_route=\/wp\/v2\/users\/2"}],"replies":[{"embeddable":true,"href":"https:\/\/zonaroja.com.mx\/index.php?rest_route=%2Fwp%2Fv2%2Fcomments&post=1825"}],"version-history":[{"count":1,"href":"https:\/\/zonaroja.com.mx\/index.php?rest_route=\/wp\/v2\/posts\/1825\/revisions"}],"predecessor-version":[{"id":1826,"href":"https:\/\/zonaroja.com.mx\/index.php?rest_route=\/wp\/v2\/posts\/1825\/revisions\/1826"}],"wp:featuredmedia":[{"embeddable":true,"href":"https:\/\/zonaroja.com.mx\/index.php?rest_route=\/wp\/v2\/media\/1712"}],"wp:attachment":[{"href":"https:\/\/zonaroja.com.mx\/index.php?rest_route=%2Fwp%2Fv2%2Fmedia&parent=1825"}],"wp:term":[{"taxonomy":"category","embeddable":true,"href":"https:\/\/zonaroja.com.mx\/index.php?rest_route=%2Fwp%2Fv2%2Fcategories&post=1825"},{"taxonomy":"post_tag","embeddable":true,"href":"https:\/\/zonaroja.com.mx\/index.php?rest_route=%2Fwp%2Fv2%2Ftags&post=1825"}],"curies":[{"name":"wp","href":"https:\/\/api.w.org\/{rel}","templated":true}]}}