{"id":18258,"date":"2020-10-01T14:48:25","date_gmt":"2020-10-01T19:48:25","guid":{"rendered":"http:\/\/www.zonaroja.com.mx\/?p=18258"},"modified":"2020-10-01T14:48:36","modified_gmt":"2020-10-01T19:48:36","slug":"ramirez-cuellar-quiere-empantanar-la-eleccion-de-morena-yeidckol","status":"publish","type":"post","link":"https:\/\/zonaroja.com.mx\/?p=18258","title":{"rendered":"Ram\u00edrez Cu\u00e9llar quiere empantanar la elecci\u00f3n de Morena: Yeidckol"},"content":{"rendered":"\n<p>Yuridiana Sosa\/Zona Roja.<\/p>\n\n\n\n<p>Oaxaca de Ju\u00e1rez, Oax., 1 de octubre de 2020.- La candidata a la presidencia del Comit\u00e9 Ejecutivo Nacional (CEN) de Morena, Yeidckol Polevnsky, responsabiliz\u00f3 a Alfonso Ram\u00edrez Cu\u00e9llar de malas pr\u00e1cticas para dividir al partido y tratar de empantanar el proceso de elecci\u00f3n interna, para quedarse con la presidencia interina que ocup\u00f3 hasta agosto de este a\u00f1o.<\/p>\n\n\n\n<p>En su visita a la capital oaxaque\u00f1a, como parte de su actividad proselitista, la ex presidenta del partido se\u00f1al\u00f3 que Ram\u00edrez Cu\u00e9llar tambi\u00e9n es el culpable que el proceso interno para la renovaci\u00f3n de la dirigencia lo lleve a cabo el Instituto Nacional Electoral, cuando era un asunto propio de Morena que se vio afectada por falsas denuncias que inici\u00f3.<\/p>\n\n\n\n<p>Agreg\u00f3 que tampoco emiti\u00f3 las convocatorias a tiempo, lo cual realiz\u00f3 \u201cma\u00f1osamente para tratar de quedarse\u201d, para lo cual solicit\u00f3 al Tribunal Electoral Federal una pr\u00f3rroga de m\u00e1s de un a\u00f1o para realizar el proceso interno.<\/p>\n\n\n\n<p>\u201cHay problemas dentro del partido porque algunos quieren traer las pr\u00e1cticas de otros partidos\u201d reconoci\u00f3 la candidata, quien adem\u00e1s dijo que entre sus objetivos al llegar a la dirigencia es \u201climpiar los intentos de hacer tribus\u201d, por lo que es necesario modificaciones a los estatutos.<\/p>\n\n\n\n<figure class=\"wp-block-embed-twitter wp-block-embed is-type-rich is-provider-twitter\"><div class=\"wp-block-embed__wrapper\">\n<div class=\"twitter-tweet\"><blockquote class=\"twitter-tweet\" data-lang=\"es\"><p lang=\"es\" dir=\"ltr\"><a href=\"https:\/\/twitter.com\/hashtag\/ENVIVO?src=hash&amp;ref_src=twsrc%5Etfw\">#ENVIVO<\/a><br>Oaxaca de Ju\u00e1rez,  Oax., 1 de octubre de 2020. &#8211; Conferencia de prensa de Yeidkol Polevnsky, candidata a dirigir el Partido Morena. <br><br>Aqu\u00ed la transmisi\u00f3n \ud83d\udc47<a href=\"https:\/\/t.co\/RVM4woLrYk\">https:\/\/t.co\/RVM4woLrYk<\/a> <a href=\"https:\/\/t.co\/uI3w9Z4Woh\">pic.twitter.com\/uI3w9Z4Woh<\/a><\/p>&mdash; Zona Roja Oaxaca (@MexRoja) <a href=\"https:\/\/twitter.com\/MexRoja\/status\/1311693663349673985?ref_src=twsrc%5Etfw\">1 de octubre de 2020<\/a><\/blockquote><\/div>\n<\/div><\/figure>\n\n\n\n<p>Luego de una serie de culpas para su compa\u00f1ero pol\u00edtico, la candidata dijo que ella cuenta con el conocimiento y experiencia suficiente para dirigir, una vez m\u00e1s, a Morena.<\/p>\n\n\n\n<p>Ella es una de las tres mujeres que compiten por este cargo disputado por dos varones m\u00e1s. De acuerdo a la selecci\u00f3n que realiz\u00f3 el INE, quienes van a la encuesta abierta de Morena por la presidencia son: Mario Delgado, Hilda Mirna D\u00edaz Caballero, Adriana Men\u00e9ndez, Porfirio Mu\u00f1oz Ledo y Yeidckol Polevnsky.<\/p>\n\n\n\n<p>A la conferencia de prensa efectuada en un restaurante del Centro Hist\u00f3rico de la capital, acudieron a respaldarla varios legisladores locales, entre ellos Oth\u00f3n Cuevas C\u00f3rdova.<\/p>\n","protected":false},"excerpt":{"rendered":"<p>Yuridiana Sosa\/Zona Roja. Oaxaca de Ju\u00e1rez, Oax., 1 de octubre de 2020.- La candidata a&hellip;<\/p>\n","protected":false},"author":2,"featured_media":18259,"comment_status":"closed","ping_status":"open","sticky":false,"template":"","format":"standard","meta":{"_lmt_disableupdate":"","_lmt_disable":"","_jetpack_memberships_contains_paid_content":false,"footnotes":""},"categories":[109,47],"tags":[2064],"class_list":["post-18258","post","type-post","status-publish","format-standard","has-post-thumbnail","hentry","category-minuto-a-minuto","category-zona-gris","tag-yeickol-polevnsky"],"jetpack_featured_media_url":"https:\/\/zonaroja.com.mx\/wp-content\/uploads\/2020\/10\/Yeidckol-Polevnsky-en-Oaxaca.jpg","jetpack_sharing_enabled":true,"_links":{"self":[{"href":"https:\/\/zonaroja.com.mx\/index.php?rest_route=\/wp\/v2\/posts\/18258","targetHints":{"allow":["GET"]}}],"collection":[{"href":"https:\/\/zonaroja.com.mx\/index.php?rest_route=\/wp\/v2\/posts"}],"about":[{"href":"https:\/\/zonaroja.com.mx\/index.php?rest_route=\/wp\/v2\/types\/post"}],"author":[{"embeddable":true,"href":"https:\/\/zonaroja.com.mx\/index.php?rest_route=\/wp\/v2\/users\/2"}],"replies":[{"embeddable":true,"href":"https:\/\/zonaroja.com.mx\/index.php?rest_route=%2Fwp%2Fv2%2Fcomments&post=18258"}],"version-history":[{"count":1,"href":"https:\/\/zonaroja.com.mx\/index.php?rest_route=\/wp\/v2\/posts\/18258\/revisions"}],"predecessor-version":[{"id":18260,"href":"https:\/\/zonaroja.com.mx\/index.php?rest_route=\/wp\/v2\/posts\/18258\/revisions\/18260"}],"wp:featuredmedia":[{"embeddable":true,"href":"https:\/\/zonaroja.com.mx\/index.php?rest_route=\/wp\/v2\/media\/18259"}],"wp:attachment":[{"href":"https:\/\/zonaroja.com.mx\/index.php?rest_route=%2Fwp%2Fv2%2Fmedia&parent=18258"}],"wp:term":[{"taxonomy":"category","embeddable":true,"href":"https:\/\/zonaroja.com.mx\/index.php?rest_route=%2Fwp%2Fv2%2Fcategories&post=18258"},{"taxonomy":"post_tag","embeddable":true,"href":"https:\/\/zonaroja.com.mx\/index.php?rest_route=%2Fwp%2Fv2%2Ftags&post=18258"}],"curies":[{"name":"wp","href":"https:\/\/api.w.org\/{rel}","templated":true}]}}