{"id":18261,"date":"2020-10-01T15:44:08","date_gmt":"2020-10-01T20:44:08","guid":{"rendered":"http:\/\/www.zonaroja.com.mx\/?p=18261"},"modified":"2020-10-01T15:44:16","modified_gmt":"2020-10-01T20:44:16","slug":"en-un-zocalo-repleto-de-puestos-ambientalistas-reclaman-atencion-al-arbolado","status":"publish","type":"post","link":"https:\/\/zonaroja.com.mx\/?p=18261","title":{"rendered":"En un z\u00f3calo repleto de puestos, ambientalistas reclaman atenci\u00f3n al arbolado"},"content":{"rendered":"\n<p>Evlin Arag\u00f3n\/Zona Roja.<\/p>\n\n\n\n<p>Oaxaca de Ju\u00e1rez, Oax., 1 de octubre de 2020.- Ambientalistas oaxaque\u00f1os advirtieron a la poblaci\u00f3n sobre la posible ca\u00edda de un n\u00famero mayor de \u00e1rboles en el z\u00f3calo de la ciudad, por lo menos tres m\u00e1s en el corto plazo, y exigieron la urgente intervenci\u00f3n por parte de las autoridades para dar mantenimiento a las diferentes especies.<\/p>\n\n\n\n<p>\u201cPara nosotros es muy importante alertar a la ciudadan\u00eda y que las autoridades tomen cartas en el asunto, antes de que ocurra una desgracia al herir a las personas que com\u00fanmente transitan por la zona\u201d, refirieron a la par que advirtieron que no les auguran una vida mayor de cuatro a\u00f1os a los ejemplares.&nbsp;<\/p>\n\n\n\n<p>El ambientalista Nasario Garc\u00eda Ram\u00edrez, asegur\u00f3 que lo \u00e1rboles que oscilan entre los 200 a\u00f1os de edad, est\u00e1n a punto de colapsar debido a la falta de atenci\u00f3n por parte de las autoridades desde administraciones anteriores que han hecho caso omiso a la petici\u00f3n ciudadana.\u00a0<\/p>\n\n\n\n<figure class=\"wp-block-embed-twitter wp-block-embed is-type-rich is-provider-twitter\"><div class=\"wp-block-embed__wrapper\">\n<div class=\"twitter-tweet\"><blockquote class=\"twitter-tweet\" data-lang=\"es\"><p lang=\"es\" dir=\"ltr\"><a href=\"https:\/\/twitter.com\/hashtag\/ENVIVO?src=hash&amp;ref_src=twsrc%5Etfw\">#ENVIVO<\/a><br>Oaxaca de Ju\u00e1rez, Oax.. 1 de octubre de 2020.- Mientras ambientalistas alertan sobre m\u00e1s ca\u00eddas de \u00e1rboles en el z\u00f3calo, este espacio est\u00e1 totalmente invadido de vendedores informales y de juegos infantiles. <br>\ud83d\udc47<a href=\"https:\/\/t.co\/OnKflKsHBk\">https:\/\/t.co\/OnKflKsHBk<\/a> <a href=\"https:\/\/t.co\/8kRiCcLq3o\">pic.twitter.com\/8kRiCcLq3o<\/a><\/p>&mdash; Zona Roja Oaxaca (@MexRoja) <a href=\"https:\/\/twitter.com\/MexRoja\/status\/1311705375725453312?ref_src=twsrc%5Etfw\">1 de octubre de 2020<\/a><\/blockquote><\/div>\n<\/div><\/figure>\n\n\n\n<p>Asegur\u00f3 que el arbolado est\u00e1 lleno de plagas que lo secan por dentro y debilitan las ra\u00edces, situaci\u00f3n que junto con las fuertes lluvias y vientos que se han registrado recientemente han provocado la ca\u00edda de dos ejemplares y se prev\u00e9 se repita dicha situaci\u00f3n.<\/p>\n\n\n\n<p>\u201cNo nos han querido dar la raz\u00f3n, pero llevamos a\u00f1os se\u00f1alando la necesidad de dar mantenimiento al arbolado. Por eso hoy solo venimos a alertar a la ciudadan\u00eda del riesgo que representan estar sentado bajo cualquiera de estos ejemplares que con los vientos de la pr\u00f3xima temporada podr\u00edan caer\u201d, expuso.<\/p>\n\n\n\n<p>Finalmente indic\u00f3 que es urgente que el municipio y todas las instancias del medio ambiente tomen en serio y se puedan reunir con organizaciones en pro del arbolado para determinar la mejor opci\u00f3n para el mantenimiento o cambio de ejemplares en la plaza m\u00e1s importante de la entidad.<\/p>\n\n\n\n<p>SIN MIEDO AL RIESGO<\/p>\n\n\n\n<p>El riesgo en el z\u00f3calo para la ciudadan\u00eda no es exclusivo por la ca\u00edda de \u00e1rboles, tambi\u00e9n la instalaci\u00f3n cada vez mayor de puestos ambulantes y ahora juegos mec\u00e1nicos, lo convierten en un lugar con alta probabilidad de contagio por Covid-19 al concentrar cada vez mayor n\u00famero de personas, sin que las autoridades hagan algo al respecto.\u00a0<\/p>\n\n\n\n<figure class=\"wp-block-embed-twitter wp-block-embed is-type-rich is-provider-twitter\"><div class=\"wp-block-embed__wrapper\">\n<div class=\"twitter-tweet\"><blockquote class=\"twitter-tweet\" data-lang=\"es\"><p lang=\"es\" dir=\"ltr\"><a href=\"https:\/\/twitter.com\/hashtag\/%C3%9AltimoMinuto?src=hash&amp;ref_src=twsrc%5Etfw\">#\u00daltimoMinuto<\/a> <br>\u00bfQu\u00e9 le parece? A falta de autoridad del <a href=\"https:\/\/twitter.com\/MunicipioOaxaca?ref_src=twsrc%5Etfw\">@MunicipioOaxaca<\/a>. el z\u00f3calo de la ciudad de <a href=\"https:\/\/twitter.com\/hashtag\/Oaxaca?src=hash&amp;ref_src=twsrc%5Etfw\">#Oaxaca<\/a> ya es un enorme mercado de ambulantes, con el Frente Popular \u201c14 de Junio\u201d, y ahora con juegos mec\u00e1nicos de los \u201cferieros\u201d. <br>Video: Cortes\u00eda <a href=\"https:\/\/t.co\/oYVd5LGw4y\">pic.twitter.com\/oYVd5LGw4y<\/a><\/p>&mdash; Zona Roja Oaxaca (@MexRoja) <a href=\"https:\/\/twitter.com\/MexRoja\/status\/1311679021210628096?ref_src=twsrc%5Etfw\">1 de octubre de 2020<\/a><\/blockquote><\/div>\n<\/div><\/figure>\n\n\n\n<p>Puestos de ropa, comida y juegos mec\u00e1nicos, en conjunto con los \u201cplantones\u201d de organizaciones sociales, han convertido al z\u00f3calo en un foco rojo en materia de salud, ya que la entidad oaxaque\u00f1a a\u00fan se encuentra en sem\u00e1foro epidemiol\u00f3gico amarillo y la capital registra una ola de contagios elevada.<\/p>\n\n\n\n<p>Pese a ello, la autoridad municipal, encabezada por Oswaldo Garc\u00eda Jarqu\u00edn, quien se comprometi\u00f3 a poner en orden el ambulantaje, nada ha podido hacer al respecto dejando a la deriva a la poblaci\u00f3n que desde hace meses ha tomado por su cuenta el cuidado personal y familiar en la prevenci\u00f3n del Coronavirus.&nbsp;<\/p>\n\n\n\n<p>Arropados por el Frente Popular \u201c14 de Junio\u201d, ahora abarcaron el lado poniente del jard\u00edn de la Constituci\u00f3n, donde llenaron de puestos ambulantes, mientras que los huegos mec\u00e1nicos, de los llamados \u201cferieros\u201d, est\u00e1n instalados tanto en el z\u00f3calo como la Alameda de Le\u00f3n.<\/p>\n\n\n\n<p>El Frente Popular se encuentra en \u201cplant\u00f3n\u201d desde el pasado 16 de septiembre pero ayer se increment\u00f3 la colocaci\u00f3n de puestos; exige la liberaci\u00f3n de Javier Mart\u00ednez, preso en el reclusorio de Miahuatl\u00e1n de Porfirio D\u00edaz desde hace tres a\u00f1os, y que dejen de perseguir judicialmente a Francisco Mart\u00ednez S\u00e1nchez, alias \u201cDon Panchito\u201d.<\/p>\n","protected":false},"excerpt":{"rendered":"<p>Evlin Arag\u00f3n\/Zona Roja. Oaxaca de Ju\u00e1rez, Oax., 1 de octubre de 2020.- Ambientalistas oaxaque\u00f1os advirtieron&hellip;<\/p>\n","protected":false},"author":2,"featured_media":18262,"comment_status":"closed","ping_status":"open","sticky":false,"template":"","format":"standard","meta":{"_lmt_disableupdate":"","_lmt_disable":"","_jetpack_memberships_contains_paid_content":false,"footnotes":""},"categories":[109,47],"tags":[2065],"class_list":["post-18261","post","type-post","status-publish","format-standard","has-post-thumbnail","hentry","category-minuto-a-minuto","category-zona-gris","tag-laureles-zocalo-de-la-ciudad-de-oaxaca"],"jetpack_featured_media_url":"https:\/\/zonaroja.com.mx\/wp-content\/uploads\/2020\/10\/Nasario-y-laureles-zocalo.jpg","jetpack_sharing_enabled":true,"_links":{"self":[{"href":"https:\/\/zonaroja.com.mx\/index.php?rest_route=\/wp\/v2\/posts\/18261","targetHints":{"allow":["GET"]}}],"collection":[{"href":"https:\/\/zonaroja.com.mx\/index.php?rest_route=\/wp\/v2\/posts"}],"about":[{"href":"https:\/\/zonaroja.com.mx\/index.php?rest_route=\/wp\/v2\/types\/post"}],"author":[{"embeddable":true,"href":"https:\/\/zonaroja.com.mx\/index.php?rest_route=\/wp\/v2\/users\/2"}],"replies":[{"embeddable":true,"href":"https:\/\/zonaroja.com.mx\/index.php?rest_route=%2Fwp%2Fv2%2Fcomments&post=18261"}],"version-history":[{"count":1,"href":"https:\/\/zonaroja.com.mx\/index.php?rest_route=\/wp\/v2\/posts\/18261\/revisions"}],"predecessor-version":[{"id":18263,"href":"https:\/\/zonaroja.com.mx\/index.php?rest_route=\/wp\/v2\/posts\/18261\/revisions\/18263"}],"wp:featuredmedia":[{"embeddable":true,"href":"https:\/\/zonaroja.com.mx\/index.php?rest_route=\/wp\/v2\/media\/18262"}],"wp:attachment":[{"href":"https:\/\/zonaroja.com.mx\/index.php?rest_route=%2Fwp%2Fv2%2Fmedia&parent=18261"}],"wp:term":[{"taxonomy":"category","embeddable":true,"href":"https:\/\/zonaroja.com.mx\/index.php?rest_route=%2Fwp%2Fv2%2Fcategories&post=18261"},{"taxonomy":"post_tag","embeddable":true,"href":"https:\/\/zonaroja.com.mx\/index.php?rest_route=%2Fwp%2Fv2%2Ftags&post=18261"}],"curies":[{"name":"wp","href":"https:\/\/api.w.org\/{rel}","templated":true}]}}