{"id":18264,"date":"2020-10-01T15:48:53","date_gmt":"2020-10-01T20:48:53","guid":{"rendered":"http:\/\/www.zonaroja.com.mx\/?p=18264"},"modified":"2020-10-01T15:48:57","modified_gmt":"2020-10-01T20:48:57","slug":"rinden-protesta-consejeras-del-ieepco-jessica-jazibe-hernandez-garcia-y-zaira-alheli-hipolito-lopez","status":"publish","type":"post","link":"https:\/\/zonaroja.com.mx\/?p=18264","title":{"rendered":"Rinden protesta consejeras del IEEPCO, Jessica Jazibe Hern\u00e1ndez Garc\u00eda y Zaira Alhel\u00ed Hip\u00f3lito L\u00f3pez"},"content":{"rendered":"\n<p>Redacci\u00f3n\/Zona Roja.<\/p>\n\n\n\n<p>Oaxaca de Ju\u00e1rez, Oax., 1 de octubre de 2020.- El consejero presidente del IEEPCO, Gustavo Meixueiro N\u00e1jera, tom\u00f3 protesta a Jessica Jazibe Hern\u00e1ndez Garc\u00eda y Zaira Alhel\u00ed Hip\u00f3lito L\u00f3pez como consejeras electorales, quienes a partir de este 1 de octubre se integran al Consejo General del \u00f3rgano local electoral en Oaxaca.&nbsp;<\/p>\n\n\n\n<p>De acuerdo con un comunicado, Meixueiro N\u00e1jera expres\u00f3 su felicitaci\u00f3n y reconocimiento a las nuevas integrantes y destac\u00f3 que, como en ejercicios anteriores realizado por el Instituto Nacional Electoral, el mecanismo para su selecci\u00f3n estuvo dotado de los m\u00e1s altos est\u00e1ndares de rigurosidad y transparencia en cada una de sus etapas.&nbsp;<\/p>\n\n\n\n<p>Jessica Hern\u00e1ndez asegur\u00f3 que, durante su encargo, regir\u00e1n su actuar la dignidad humana, los derechos humanos, el principio pro persona y el respeto de los principios electorales. Adelant\u00f3 que sus posicionamientos y decisiones dentro del \u00f3rgano electoral ser\u00e1n tendientes a garantizar la inclusi\u00f3n de personas con discapacidad, pueblos y comunidades ind\u00edgenas, y comunidad LGBTIIQ+; afirm\u00f3 que \u201cno existe una democracia en la que no estemos todas y todos representados\u201d.&nbsp;<\/p>\n\n\n\n<p>Por su parte, Zaira Hip\u00f3lito dijo que, como mujer ind\u00edgena zapoteca, su llegada al Consejo General del IEEPCO es producto de las demandas y reivindicaciones sociales y pol\u00edticas; de una deuda hist\u00f3rica que el Estado tiene con las personas de pueblos y comunidades ind\u00edgenas. Se dijo dispuesta a escuchar a los diversos actores y propiciar un di\u00e1logo permanente con el Consejo General, las representaciones de los partidos pol\u00edticos, as\u00ed como con los municipios que se rigen por los Sistemas Normativos Ind\u00edgenas en Oaxaca.&nbsp;<\/p>\n\n\n\n<p>Consejeras, consejeros y diversas representaciones de los partidos pol\u00edticos hicieron uso de la voz para darle la bienvenida a las consejeras Hern\u00e1ndez Garc\u00eda e Hip\u00f3lito L\u00f3pez. Manifestaron su confianza en que los perfiles de las nuevas integrantes abonar\u00e1n al trabajo institucional y ser\u00e1n de gran utilidad para la construcci\u00f3n de agendas que ampl\u00eden el alcance de los derechos pol\u00edticos y electorales, y fortalezcan la democracia en Oaxaca.<\/p>\n","protected":false},"excerpt":{"rendered":"<p>Redacci\u00f3n\/Zona Roja. Oaxaca de Ju\u00e1rez, Oax., 1 de octubre de 2020.- El consejero presidente del&hellip;<\/p>\n","protected":false},"author":2,"featured_media":18265,"comment_status":"closed","ping_status":"open","sticky":false,"template":"","format":"standard","meta":{"_lmt_disableupdate":"","_lmt_disable":"","_jetpack_memberships_contains_paid_content":false,"footnotes":""},"categories":[109,46],"tags":[760],"class_list":["post-18264","post","type-post","status-publish","format-standard","has-post-thumbnail","hentry","category-minuto-a-minuto","category-zona-blanca","tag-instituto-estatal-electoral-y-de-participacion-ciudadana-de-oaxaca"],"jetpack_featured_media_url":"https:\/\/zonaroja.com.mx\/wp-content\/uploads\/2020\/10\/Nuevas-consejeras-IEEPCO.jpg","jetpack_sharing_enabled":true,"_links":{"self":[{"href":"https:\/\/zonaroja.com.mx\/index.php?rest_route=\/wp\/v2\/posts\/18264","targetHints":{"allow":["GET"]}}],"collection":[{"href":"https:\/\/zonaroja.com.mx\/index.php?rest_route=\/wp\/v2\/posts"}],"about":[{"href":"https:\/\/zonaroja.com.mx\/index.php?rest_route=\/wp\/v2\/types\/post"}],"author":[{"embeddable":true,"href":"https:\/\/zonaroja.com.mx\/index.php?rest_route=\/wp\/v2\/users\/2"}],"replies":[{"embeddable":true,"href":"https:\/\/zonaroja.com.mx\/index.php?rest_route=%2Fwp%2Fv2%2Fcomments&post=18264"}],"version-history":[{"count":1,"href":"https:\/\/zonaroja.com.mx\/index.php?rest_route=\/wp\/v2\/posts\/18264\/revisions"}],"predecessor-version":[{"id":18266,"href":"https:\/\/zonaroja.com.mx\/index.php?rest_route=\/wp\/v2\/posts\/18264\/revisions\/18266"}],"wp:featuredmedia":[{"embeddable":true,"href":"https:\/\/zonaroja.com.mx\/index.php?rest_route=\/wp\/v2\/media\/18265"}],"wp:attachment":[{"href":"https:\/\/zonaroja.com.mx\/index.php?rest_route=%2Fwp%2Fv2%2Fmedia&parent=18264"}],"wp:term":[{"taxonomy":"category","embeddable":true,"href":"https:\/\/zonaroja.com.mx\/index.php?rest_route=%2Fwp%2Fv2%2Fcategories&post=18264"},{"taxonomy":"post_tag","embeddable":true,"href":"https:\/\/zonaroja.com.mx\/index.php?rest_route=%2Fwp%2Fv2%2Ftags&post=18264"}],"curies":[{"name":"wp","href":"https:\/\/api.w.org\/{rel}","templated":true}]}}