{"id":18268,"date":"2020-10-01T18:06:46","date_gmt":"2020-10-01T23:06:46","guid":{"rendered":"https:\/\/www.zonaroja.com.mx\/?p=18268"},"modified":"2020-10-01T18:38:24","modified_gmt":"2020-10-01T23:38:24","slug":"pide-flavio-sosa-que-el-ine-aclare-actos-de-campana-y-gastos-de-aspirantes-a-dirigencia-de-morena","status":"publish","type":"post","link":"https:\/\/zonaroja.com.mx\/?p=18268","title":{"rendered":"Pide Flavio Sosa que el INE aclare actos de campa\u00f1a y gastos de aspirantes a dirigencia de Morena"},"content":{"rendered":"\n<p class=\"MsoNormal\">Yuridiana Sosa\/Zona Roja. <\/p>\n\n\n\n<p class=\"MsoNormal\">Oaxaca de Ju\u00e1rez, Oax-. 1 de octubre de 2020.- El ex aspirante a la Secretar\u00eda General del Partido Morena, Flavio Sosa Villavicencio, solicit\u00f3 al Instituto Nacional Electoral (INE) informe sobre el m\u00e9todo de selecci\u00f3n de los candidatos finalistas a la dirigencia nacional, as\u00ed como si son permitidos los actos de campa\u00f1a y bajo qu\u00e9 lineamientos.<\/p>\n\n\n\n<p class=\"MsoNormal\">El ex diputado local de Oaxaca entreg\u00f3 la solicitud al director Ejecutivo de Prerrogativas y Partidos Pol\u00edticos del INE, Patricio Ballados Villag\u00f3mez, el pasado 29 de septiembre, en la que expuso la solicitud de informaci\u00f3n para conocer la metodolog\u00eda empleada en la encuesta de reconocimiento para los aspirantes a la Presidencia y Secretar\u00eda General.<\/p>\n\n\n\n<p class=\"MsoNormal\">El documento tambi\u00e9n plante\u00f3 la consulta sobre la promoci\u00f3n de los aspirantes, nombre e imagen, pues dijo, la convocatoria no tiene expresamente prevista esa posibilidad.<\/p>\n\n\n\n<p class=\"MsoNormal\">De estar permitido el acto, el ex dirigente de la Asamblea Popular de los Pueblos de Oaxaca (APPO) demand\u00f3 conocer cu\u00e1l es el periodo permitido para recorridos en el pa\u00eds; cu\u00e1les son los topes de gastos de la campa\u00f1a, qui\u00e9n verifica y a qui\u00e9n est\u00e1n obligados a rendir informe, son algunos de los detalles solicitados.<\/p>\n\n\n\n<figure class=\"wp-block-embed-twitter wp-block-embed is-type-rich is-provider-twitter\"><div class=\"wp-block-embed__wrapper\">\n<div class=\"twitter-tweet\"><blockquote class=\"twitter-tweet\" data-lang=\"es\"><p lang=\"es\" dir=\"ltr\">\ud83d\udea8Solicit\u00e9 al <a href=\"https:\/\/twitter.com\/INEMexico?ref_src=twsrc%5Etfw\">@INEMexico<\/a> que aclare si es leg\u00edtimo hacer campa\u00f1a para aspirar a la dirigencia de <a href=\"https:\/\/twitter.com\/hashtag\/MORENA?src=hash&amp;ref_src=twsrc%5Etfw\">#MORENA<\/a>, tal y como varios lo est\u00e1n haciendo.<br><br>En caso afirmativo, pido que se\u00f1ale cu\u00e1les son los topes de gasto y qui\u00e9n los verifica. <a href=\"https:\/\/t.co\/jQC99dPVr2\">pic.twitter.com\/jQC99dPVr2<\/a><\/p>&mdash; Flavio Sosa Villa.. (@flaviososavilla) <a href=\"https:\/\/twitter.com\/flaviososavilla\/status\/1311347661048553473?ref_src=twsrc%5Etfw\">30 de septiembre de 2020<\/a><\/blockquote><\/div>\n<\/div><\/figure>\n\n\n\n<p class=\"MsoNormal\">En medio de este proceso interno, los aspirantes o los grupos que apoyan a los candidatos \u2013sin la presencia del aspirante-, han realizado distintos actos con sus militantes en el pa\u00eds, a\u00fan en medio de la contingencia por Covid-19.<\/p>\n\n\n\n<p class=\"MsoNormal\"><a href=\"\/\/2\">Este<\/a> mi\u00e9rcoles se dio a conocer una lista de selecci\u00f3n del INE de quienes son los candidatos para la encuentra abierta de Morena; cinco van por la presidencia, tres mujeres y dos hombres; as\u00ed como por la Secretar\u00eda General, nueve mujeres y cuatro varones.<\/p>\n\n\n\n<p class=\"MsoNormal\">Sosa Villavicencio public\u00f3 en su cuenta de Twitter que \u201cla segunda etapa del proceso deber\u00e1 estar marcada por la transparencia y el debate de ideas y proyectos entre aspirantes. Morena debe ser un eje de la cuarta transformaci\u00f3n, un partido de izquierda con democracia interna\u201d.<\/p>\n","protected":false},"excerpt":{"rendered":"<p>Yuridiana Sosa\/Zona Roja. Oaxaca de Ju\u00e1rez, Oax-. 1 de octubre de 2020.- El ex aspirante&hellip;<\/p>\n","protected":false},"author":2,"featured_media":18267,"comment_status":"closed","ping_status":"open","sticky":false,"template":"","format":"standard","meta":{"_lmt_disableupdate":"","_lmt_disable":"","_jetpack_memberships_contains_paid_content":false,"footnotes":""},"categories":[1],"tags":[685],"class_list":["post-18268","post","type-post","status-publish","format-standard","has-post-thumbnail","hentry","category-sin-categoria","tag-flavio-sosa-villavicencio"],"jetpack_featured_media_url":"https:\/\/zonaroja.com.mx\/wp-content\/uploads\/2020\/10\/3f90951c-1047-4a08-9689-e84432dca444.jpg","jetpack_sharing_enabled":true,"_links":{"self":[{"href":"https:\/\/zonaroja.com.mx\/index.php?rest_route=\/wp\/v2\/posts\/18268","targetHints":{"allow":["GET"]}}],"collection":[{"href":"https:\/\/zonaroja.com.mx\/index.php?rest_route=\/wp\/v2\/posts"}],"about":[{"href":"https:\/\/zonaroja.com.mx\/index.php?rest_route=\/wp\/v2\/types\/post"}],"author":[{"embeddable":true,"href":"https:\/\/zonaroja.com.mx\/index.php?rest_route=\/wp\/v2\/users\/2"}],"replies":[{"embeddable":true,"href":"https:\/\/zonaroja.com.mx\/index.php?rest_route=%2Fwp%2Fv2%2Fcomments&post=18268"}],"version-history":[{"count":2,"href":"https:\/\/zonaroja.com.mx\/index.php?rest_route=\/wp\/v2\/posts\/18268\/revisions"}],"predecessor-version":[{"id":18270,"href":"https:\/\/zonaroja.com.mx\/index.php?rest_route=\/wp\/v2\/posts\/18268\/revisions\/18270"}],"wp:featuredmedia":[{"embeddable":true,"href":"https:\/\/zonaroja.com.mx\/index.php?rest_route=\/wp\/v2\/media\/18267"}],"wp:attachment":[{"href":"https:\/\/zonaroja.com.mx\/index.php?rest_route=%2Fwp%2Fv2%2Fmedia&parent=18268"}],"wp:term":[{"taxonomy":"category","embeddable":true,"href":"https:\/\/zonaroja.com.mx\/index.php?rest_route=%2Fwp%2Fv2%2Fcategories&post=18268"},{"taxonomy":"post_tag","embeddable":true,"href":"https:\/\/zonaroja.com.mx\/index.php?rest_route=%2Fwp%2Fv2%2Ftags&post=18268"}],"curies":[{"name":"wp","href":"https:\/\/api.w.org\/{rel}","templated":true}]}}