{"id":1827,"date":"2019-06-25T11:50:10","date_gmt":"2019-06-25T16:50:10","guid":{"rendered":"http:\/\/www.zonaroja.com.mx\/?p=1827"},"modified":"2019-06-25T07:52:21","modified_gmt":"2019-06-25T12:52:21","slug":"ineficacia-de-fiscalia-de-oaxaca-un-circulo-perverso-de-impunidad-senador","status":"publish","type":"post","link":"https:\/\/zonaroja.com.mx\/?p=1827","title":{"rendered":"Ineficacia de Fiscal\u00eda de Oaxaca, un c\u00edrculo perverso de impunidad: senador"},"content":{"rendered":"\n<p>Redacci\u00f3n<\/p>\n\n\n\n<p>Oaxaca de\nJu\u00e1rez, Oax., 25 de junio de 2019.- La ineficacia de la Fiscal\u00eda General del\nEstado se ha convertido en un c\u00edrculo perverso de impunidad, la cual incentiva\na las delincuencias organizada y com\u00fan, y desalienta la denuncia.<\/p>\n\n\n\n<p>As\u00ed se\npronunci\u00f3 el senador por el Partido Morena, Salom\u00f3n Jara Cruz, a recalcar:<\/p>\n\n\n\n<p>\u201cC\u00f3mo\npodemos pedirle confianza a la ciudadan\u00eda para que denuncie, si en el mejor de\nlos casos se le ignorar\u00e1 en medio de un laberinto burocr\u00e1tico, o peor a\u00fan, ser\u00e1\nv\u00edctima de represalias\u201d.<\/p>\n\n\n\n<p>En un\ncomunicado, el vocero de la fracci\u00f3n parlamentaria de Morena en el Senado de la\nRep\u00fablica, exigi\u00f3 al fiscal Rub\u00e9n Vasconcelos M\u00e9ndez, replantear urgentemente\nel funcionamiento de la instituci\u00f3n procuradora de justicia, pues la impunidad\nque impera en el estado es el catalizador de la ola de inseguridad que ha\narrebatado la tranquilidad a oaxaque\u00f1as y oaxaque\u00f1os.<\/p>\n\n\n\n<p>Dijo que el\nmes de mayo fue el m\u00e1s violento del a\u00f1o en Oaxaca con 171 homicidios, adem\u00e1s de\nun incremento en las denuncias por abuso sexual y el robo a transe\u00fantes en la\nv\u00eda p\u00fablica.<\/p>\n\n\n\n<p>\u201cLo m\u00e1s\npreocupante es que observamos a la Fiscal\u00eda del estado indiferente mientras que\nla ciudadan\u00eda vive con temor y saliendo de sus hogares s\u00f3lo para lo\nindispensable; y no olvidemos los efectos negativos para la econom\u00eda local\u201d,\na\u00f1adi\u00f3.<\/p>\n\n\n\n<p>Jara Cruz\nhizo suya la demanda del Colegio M\u00e9dico \u201cDr. Aurelio Valdivieso\u201d para que el fiscal\nVasconcelos M\u00e9ndez reciba en audiencia y escuche directamente al gremio, cuyos\nintegrantes cotidianamente sufren amenazas y extorsiones, secuestros y\natentados.<\/p>\n\n\n\n<p>El senador anunci\u00f3\nque en la pr\u00f3xima sesi\u00f3n de la Comisi\u00f3n Permanente propondr\u00e1 exhortar al fiscal\nGeneral del Estado de Oaxaca reciba en audiencia al dicho gremio, as\u00ed como a\ntomar acciones urgentes para frenar la ola de inseguridad y para hacer m\u00e1s\neficiente el funcionamiento de la instituci\u00f3n a su cargo.<\/p>\n","protected":false},"excerpt":{"rendered":"<p>Redacci\u00f3n Oaxaca de Ju\u00e1rez, Oax., 25 de junio de 2019.- La ineficacia de la Fiscal\u00eda&hellip;<\/p>\n","protected":false},"author":2,"featured_media":1829,"comment_status":"closed","ping_status":"open","sticky":false,"template":"","format":"standard","meta":{"_lmt_disableupdate":"","_lmt_disable":"","_jetpack_memberships_contains_paid_content":false,"footnotes":""},"categories":[1,51],"tags":[],"class_list":["post-1827","post","type-post","status-publish","format-standard","has-post-thumbnail","hentry","category-sin-categoria","category-zona-roja"],"jetpack_featured_media_url":"https:\/\/zonaroja.com.mx\/wp-content\/uploads\/2019\/06\/706a1313-de08-4ff3-9b90-d26e952a21fa.jpg","jetpack_sharing_enabled":true,"_links":{"self":[{"href":"https:\/\/zonaroja.com.mx\/index.php?rest_route=\/wp\/v2\/posts\/1827","targetHints":{"allow":["GET"]}}],"collection":[{"href":"https:\/\/zonaroja.com.mx\/index.php?rest_route=\/wp\/v2\/posts"}],"about":[{"href":"https:\/\/zonaroja.com.mx\/index.php?rest_route=\/wp\/v2\/types\/post"}],"author":[{"embeddable":true,"href":"https:\/\/zonaroja.com.mx\/index.php?rest_route=\/wp\/v2\/users\/2"}],"replies":[{"embeddable":true,"href":"https:\/\/zonaroja.com.mx\/index.php?rest_route=%2Fwp%2Fv2%2Fcomments&post=1827"}],"version-history":[{"count":1,"href":"https:\/\/zonaroja.com.mx\/index.php?rest_route=\/wp\/v2\/posts\/1827\/revisions"}],"predecessor-version":[{"id":1828,"href":"https:\/\/zonaroja.com.mx\/index.php?rest_route=\/wp\/v2\/posts\/1827\/revisions\/1828"}],"wp:featuredmedia":[{"embeddable":true,"href":"https:\/\/zonaroja.com.mx\/index.php?rest_route=\/wp\/v2\/media\/1829"}],"wp:attachment":[{"href":"https:\/\/zonaroja.com.mx\/index.php?rest_route=%2Fwp%2Fv2%2Fmedia&parent=1827"}],"wp:term":[{"taxonomy":"category","embeddable":true,"href":"https:\/\/zonaroja.com.mx\/index.php?rest_route=%2Fwp%2Fv2%2Fcategories&post=1827"},{"taxonomy":"post_tag","embeddable":true,"href":"https:\/\/zonaroja.com.mx\/index.php?rest_route=%2Fwp%2Fv2%2Ftags&post=1827"}],"curies":[{"name":"wp","href":"https:\/\/api.w.org\/{rel}","templated":true}]}}