{"id":18271,"date":"2020-10-01T19:21:16","date_gmt":"2020-10-02T00:21:16","guid":{"rendered":"http:\/\/www.zonaroja.com.mx\/?p=18271"},"modified":"2020-10-01T19:21:20","modified_gmt":"2020-10-02T00:21:20","slug":"destinan-los-sso-2-4-mdp-para-vacunas-antiinfluenza-en-oaxaca","status":"publish","type":"post","link":"https:\/\/zonaroja.com.mx\/?p=18271","title":{"rendered":"Destinan los SSO 2.4 mdp para vacunas antiinfluenza en Oaxaca"},"content":{"rendered":"\n<p>Redacci\u00f3n\/Zona Roja.<\/p>\n\n\n\n<p>Oaxaca de Ju\u00e1rez, Oax., 1 de octubre de 2020.- Con una inversi\u00f3n de dos millones 482 mil 484 pesos, los Servicios de Salud de Oaxaca (SSO) iniciaron una jornada de vacunaci\u00f3n para prevenir la influenza, en la que participan 134 brigadas m\u00e9dicas, que aplicar\u00e1n 658 mil 549 dosis para los oaxaque\u00f1os.<\/p>\n\n\n\n<p>El titular de la dependencia, Donato Casas Escamilla, junto con Alejandro Svarch, responsable de la Coordinacci\u00f3n &nbsp;Nacional M\u00e9dica del Instituto Nacional de Salud Bienestar (Insabi) y la Senadora de la Rep\u00fablica, Susana Harp, dieron inici\u00f3 a la campa\u00f1a intensiva.<\/p>\n\n\n\n<p>Lo anterior, ante la proximidad de la temporada invernal, con el fin de anticipar y proteger principalmente a los grupos de riesgos.<\/p>\n\n\n\n<figure class=\"wp-block-embed-twitter wp-block-embed is-type-rich is-provider-twitter\"><div class=\"wp-block-embed__wrapper\">\n<div class=\"twitter-tweet\"><blockquote class=\"twitter-tweet\" data-lang=\"es\"><p lang=\"es\" dir=\"ltr\">El titular de los <a href=\"https:\/\/twitter.com\/SSO_GobOax?ref_src=twsrc%5Etfw\">@SSO_GobOax<\/a>, <a href=\"https:\/\/twitter.com\/Donato_Casas?ref_src=twsrc%5Etfw\">@Donato_Casas<\/a>, junto con el responsable de la Coordinaci\u00f3n M\u00e9dica del <a href=\"https:\/\/twitter.com\/INSABI_mx?ref_src=twsrc%5Etfw\">@INSABI_mx<\/a>, Alejandro Svarch, y la senadora <a href=\"https:\/\/twitter.com\/SusanaHarp?ref_src=twsrc%5Etfw\">@SusanaHarp<\/a>, dieron inicio hoy a la campa\u00f1a intensiva de vacunaci\u00f3n contra la influenza. <a href=\"https:\/\/t.co\/IrAhBIUXiR\">pic.twitter.com\/IrAhBIUXiR<\/a><\/p>&mdash; Zona Roja Oaxaca (@MexRoja) <a href=\"https:\/\/twitter.com\/MexRoja\/status\/1311783842202578944?ref_src=twsrc%5Etfw\">1 de octubre de 2020<\/a><\/blockquote><\/div>\n<\/div><\/figure>\n\n\n\n<p>Los SSO detallaron que todo los ni\u00f1os y ni\u00f1as menores de cinco a\u00f1os y adultos mayores de 60 a\u00f1os de edad (grupo blanco), as\u00ed personal de salud, embarazadas, personas con diabetes, hipertensi\u00f3n, problemas renales cr\u00f3nicos, obesidad, con enfermedades del coraz\u00f3n, c\u00e1ncer o VIH, ser\u00e1n vacunados de manera gratuita.<\/p>\n\n\n\n<p>Uno de los puestos de vacunaci\u00f3n, fue instalado la ma\u00f1ana de hoy en el z\u00f3calo de la capital oaxaque\u00f1a, en que decenas de personas acudieron a aplicarse el inmunol\u00f3gico.<\/p>\n","protected":false},"excerpt":{"rendered":"<p>Redacci\u00f3n\/Zona Roja. Oaxaca de Ju\u00e1rez, Oax., 1 de octubre de 2020.- Con una inversi\u00f3n de&hellip;<\/p>\n","protected":false},"author":2,"featured_media":18272,"comment_status":"closed","ping_status":"open","sticky":false,"template":"","format":"standard","meta":{"_lmt_disableupdate":"","_lmt_disable":"","_jetpack_memberships_contains_paid_content":false,"footnotes":""},"categories":[109,46],"tags":[1005],"class_list":["post-18271","post","type-post","status-publish","format-standard","has-post-thumbnail","hentry","category-minuto-a-minuto","category-zona-blanca","tag-servicios-de-salud-de-oaxaca-sso"],"jetpack_featured_media_url":"https:\/\/zonaroja.com.mx\/wp-content\/uploads\/2020\/10\/Vacunacion-SSO.jpg","jetpack_sharing_enabled":true,"_links":{"self":[{"href":"https:\/\/zonaroja.com.mx\/index.php?rest_route=\/wp\/v2\/posts\/18271","targetHints":{"allow":["GET"]}}],"collection":[{"href":"https:\/\/zonaroja.com.mx\/index.php?rest_route=\/wp\/v2\/posts"}],"about":[{"href":"https:\/\/zonaroja.com.mx\/index.php?rest_route=\/wp\/v2\/types\/post"}],"author":[{"embeddable":true,"href":"https:\/\/zonaroja.com.mx\/index.php?rest_route=\/wp\/v2\/users\/2"}],"replies":[{"embeddable":true,"href":"https:\/\/zonaroja.com.mx\/index.php?rest_route=%2Fwp%2Fv2%2Fcomments&post=18271"}],"version-history":[{"count":1,"href":"https:\/\/zonaroja.com.mx\/index.php?rest_route=\/wp\/v2\/posts\/18271\/revisions"}],"predecessor-version":[{"id":18273,"href":"https:\/\/zonaroja.com.mx\/index.php?rest_route=\/wp\/v2\/posts\/18271\/revisions\/18273"}],"wp:featuredmedia":[{"embeddable":true,"href":"https:\/\/zonaroja.com.mx\/index.php?rest_route=\/wp\/v2\/media\/18272"}],"wp:attachment":[{"href":"https:\/\/zonaroja.com.mx\/index.php?rest_route=%2Fwp%2Fv2%2Fmedia&parent=18271"}],"wp:term":[{"taxonomy":"category","embeddable":true,"href":"https:\/\/zonaroja.com.mx\/index.php?rest_route=%2Fwp%2Fv2%2Fcategories&post=18271"},{"taxonomy":"post_tag","embeddable":true,"href":"https:\/\/zonaroja.com.mx\/index.php?rest_route=%2Fwp%2Fv2%2Ftags&post=18271"}],"curies":[{"name":"wp","href":"https:\/\/api.w.org\/{rel}","templated":true}]}}