{"id":18274,"date":"2020-10-02T07:43:48","date_gmt":"2020-10-02T12:43:48","guid":{"rendered":"http:\/\/www.zonaroja.com.mx\/?p=18274"},"modified":"2020-10-01T20:32:25","modified_gmt":"2020-10-02T01:32:25","slug":"promueve-poder-judicial-de-oaxaca-diversas-acciones-para-prevenir-violencia","status":"publish","type":"post","link":"https:\/\/zonaroja.com.mx\/?p=18274","title":{"rendered":"Promueve Poder Judicial de Oaxaca diversas acciones para prevenir violencia"},"content":{"rendered":"\n<p>Redacci\u00f3n\/Zona Roja.<\/p>\n\n\n\n<p>Oaxaca de Ju\u00e1rez, Oax., 2 de octubre de 2020.- En el marco D\u00eda Internacional de la No Violencia, que se conmemora este 2 de octubre, el Poder Judicial de Oaxaca, que preside el magistrado Eduardo Pinacho S\u00e1nchez, ratifica su vocaci\u00f3n de proteger los derechos humanos, promover la igualdad de g\u00e9nero, la no discriminaci\u00f3n y la inclusi\u00f3n laboral, ya que todas y todos tenemos derecho a vivir libres de violencia y maltrato en los centros de trabajo, hogares, escuelas y en las calles.<\/p>\n\n\n\n<p>Ante el incremento de la violencia de g\u00e9nero durante el confinamiento por la pandemia de Covid-19, la Organizaci\u00f3n de las Naciones Unidas (ONU), inst\u00f3 a los pa\u00edses adoptar medidas de prevenci\u00f3n y protecci\u00f3n principalmente hacia las mujeres, ni\u00f1as y ni\u00f1os, adem\u00e1s de asegurar que puedan pedir ayuda de manera segura, contexto en el cual los poderes judiciales tienen una funci\u00f3n trascendental.<\/p>\n\n\n\n<p>En el caso de Oaxaca, el \u00f3rgano de impartici\u00f3n de justicia elabor\u00f3 la Gu\u00eda de Acciones del Poder Judicial del Estado para la prevenci\u00f3n y atenci\u00f3n en materia de violencia de g\u00e9nero ante la contingencia del Covid-19, un instrumento donde se da a conocer de manera r\u00e1pida y sencilla cu\u00e1les son los pasos, tr\u00e1mites y mecanismos a seguir cuando se presenta un hecho de esta naturaleza.<\/p>\n\n\n\n<p>A trav\u00e9s de la intervenci\u00f3n y coordinaci\u00f3n integral, asertiva y con perspectiva de g\u00e9nero, se busca consolidar esta herramienta necesaria para las mujeres y ni\u00f1as que sufren violencia de g\u00e9nero; por lo que organismos de la sociedad civil; la Secretar\u00eda de las Mujeres de Oaxaca; entre otros actores sociales, en especial quienes operan refugios de mujeres, trabajan para prevenir y actuar de manera conjunta ante situaciones de emergencia.<\/p>\n\n\n\n<p>La Gu\u00eda de Acciones del Poder Judicial del Estado de Oaxaca para la prevenci\u00f3n y atenci\u00f3n en materia de violencia de g\u00e9nero ante la contingencia del Covid-19, se encuentra disponible en la p\u00e1gina institucional www.tribunaloaxaca.gob.mx.<\/p>\n\n\n\n<p>Uno de los temas en los que se hace \u00e9nfasis son las \u00f3rdenes de protecci\u00f3n, consideradas por la Organizaci\u00f3n de las Naciones Unidas como uno de los recursos jur\u00eddicos m\u00e1s efectivos puestos a disposici\u00f3n de las mujeres v\u00edctimas de violencia, a fin de evitar da\u00f1os mayores en su integridad y seguridad personal.<\/p>\n\n\n\n<p>Cabe se\u00f1alar que el D\u00eda Internacional de la No Violencia se conmemora el 2 de octubre, d\u00eda del aniversario del nacimiento Mahatma Gandhi, l\u00edder del movimiento de la Independencia de la India y pionero de la filosof\u00eda y la estrategia de la no violencia.<\/p>\n","protected":false},"excerpt":{"rendered":"<p>Redacci\u00f3n\/Zona Roja. Oaxaca de Ju\u00e1rez, Oax., 2 de octubre de 2020.- En el marco D\u00eda&hellip;<\/p>\n","protected":false},"author":2,"featured_media":18275,"comment_status":"closed","ping_status":"open","sticky":false,"template":"","format":"standard","meta":{"_lmt_disableupdate":"","_lmt_disable":"","_jetpack_memberships_contains_paid_content":false,"footnotes":""},"categories":[109,46],"tags":[223],"class_list":["post-18274","post","type-post","status-publish","format-standard","has-post-thumbnail","hentry","category-minuto-a-minuto","category-zona-blanca","tag-poder-judicial-de-oaxaca"],"jetpack_featured_media_url":"https:\/\/zonaroja.com.mx\/wp-content\/uploads\/2020\/10\/PODER-JUDICIAL.jpeg","jetpack_sharing_enabled":true,"_links":{"self":[{"href":"https:\/\/zonaroja.com.mx\/index.php?rest_route=\/wp\/v2\/posts\/18274","targetHints":{"allow":["GET"]}}],"collection":[{"href":"https:\/\/zonaroja.com.mx\/index.php?rest_route=\/wp\/v2\/posts"}],"about":[{"href":"https:\/\/zonaroja.com.mx\/index.php?rest_route=\/wp\/v2\/types\/post"}],"author":[{"embeddable":true,"href":"https:\/\/zonaroja.com.mx\/index.php?rest_route=\/wp\/v2\/users\/2"}],"replies":[{"embeddable":true,"href":"https:\/\/zonaroja.com.mx\/index.php?rest_route=%2Fwp%2Fv2%2Fcomments&post=18274"}],"version-history":[{"count":1,"href":"https:\/\/zonaroja.com.mx\/index.php?rest_route=\/wp\/v2\/posts\/18274\/revisions"}],"predecessor-version":[{"id":18276,"href":"https:\/\/zonaroja.com.mx\/index.php?rest_route=\/wp\/v2\/posts\/18274\/revisions\/18276"}],"wp:featuredmedia":[{"embeddable":true,"href":"https:\/\/zonaroja.com.mx\/index.php?rest_route=\/wp\/v2\/media\/18275"}],"wp:attachment":[{"href":"https:\/\/zonaroja.com.mx\/index.php?rest_route=%2Fwp%2Fv2%2Fmedia&parent=18274"}],"wp:term":[{"taxonomy":"category","embeddable":true,"href":"https:\/\/zonaroja.com.mx\/index.php?rest_route=%2Fwp%2Fv2%2Fcategories&post=18274"},{"taxonomy":"post_tag","embeddable":true,"href":"https:\/\/zonaroja.com.mx\/index.php?rest_route=%2Fwp%2Fv2%2Ftags&post=18274"}],"curies":[{"name":"wp","href":"https:\/\/api.w.org\/{rel}","templated":true}]}}