{"id":18280,"date":"2020-10-01T21:20:18","date_gmt":"2020-10-02T02:20:18","guid":{"rendered":"http:\/\/www.zonaroja.com.mx\/?p=18280"},"modified":"2020-10-01T21:20:21","modified_gmt":"2020-10-02T02:20:21","slug":"roban-mas-de-medio-millon-de-pesos-a-tesorero-de-san-pedro-ixcatlan-oaxaca","status":"publish","type":"post","link":"https:\/\/zonaroja.com.mx\/?p=18280","title":{"rendered":"Roban m\u00e1s de medio mill\u00f3n de pesos a tesorero de San Pedro Ixcatl\u00e1n, Oaxaca"},"content":{"rendered":"\n<p>Redacci\u00f3n\/Zona Roja.<\/p>\n\n\n\n<p>Oaxaca de Ju\u00e1rez, Oax., 1 de octubre de 2020.- Sujetos armados asaltaron este jueves al tesorero de San Pedro Ixcatl\u00e1n y le arrebataron m\u00e1s de 500 mil pesos.<\/p>\n\n\n\n<p>De acuerdo con reportes policiacos preliminares, los hechos sucedieron alrededor de las 13:30 horas a la altura de El Escobillal, San Juan Bautista Tuxtepec, cuando el tesorero Juan Carlos Lorenzo Manuel, acompa\u00f1ado de Jos\u00e9 Antonio Crisantos, viajaban a bordo de su veh\u00edculo.<\/p>\n\n\n\n<p>De repente fueron interceptados por los ocupantes de un coche marca Ford, tipo Focus, con placas del estado de Veracruz, del que descendieron personas armadas, quienes los amagaron con sus armas y les quitaron 535 mil 100 pesos.<\/p>\n\n\n\n<p>As\u00ed mismo, les robaron la camioneta marca Nissan con placas RX-16693 de Veracruz, para fugarse con rumbo desconocido.<\/p>\n\n\n\n<p>Tras la b\u00fasqueda por parte de polic\u00edas estatales y municipales, la unidad de motor fue hallada en inmediaciones de la localidad Camar\u00f3n Salsipuedes; no obstante, a\u00fan no hay pistas de los asaltantes.<\/p>\n\n\n\n<figure class=\"wp-block-image size-large\"><img decoding=\"async\" width=\"960\" height=\"540\" src=\"http:\/\/www.zonaroja.com.mx\/wp-content\/uploads\/2020\/10\/San-Pedro-Ixcatlan.jpg\" alt=\"\" class=\"wp-image-18282\" srcset=\"https:\/\/zonaroja.com.mx\/wp-content\/uploads\/2020\/10\/San-Pedro-Ixcatlan.jpg 960w, https:\/\/zonaroja.com.mx\/wp-content\/uploads\/2020\/10\/San-Pedro-Ixcatlan-300x169.jpg 300w, https:\/\/zonaroja.com.mx\/wp-content\/uploads\/2020\/10\/San-Pedro-Ixcatlan-768x432.jpg 768w, https:\/\/zonaroja.com.mx\/wp-content\/uploads\/2020\/10\/San-Pedro-Ixcatlan-585x329.jpg 585w\" sizes=\"(max-width: 960px) 100vw, 960px\" \/><\/figure>\n","protected":false},"excerpt":{"rendered":"<p>Redacci\u00f3n\/Zona Roja. Oaxaca de Ju\u00e1rez, Oax., 1 de octubre de 2020.- Sujetos armados asaltaron este&hellip;<\/p>\n","protected":false},"author":2,"featured_media":18281,"comment_status":"closed","ping_status":"open","sticky":false,"template":"","format":"standard","meta":{"_lmt_disableupdate":"","_lmt_disable":"","_jetpack_memberships_contains_paid_content":false,"footnotes":""},"categories":[109,47],"tags":[1043],"class_list":["post-18280","post","type-post","status-publish","format-standard","has-post-thumbnail","hentry","category-minuto-a-minuto","category-zona-gris","tag-san-pedro-ixcatlan"],"jetpack_featured_media_url":"https:\/\/zonaroja.com.mx\/wp-content\/uploads\/2020\/10\/San-Pedro-Ixcatlan-2.jpeg","jetpack_sharing_enabled":true,"_links":{"self":[{"href":"https:\/\/zonaroja.com.mx\/index.php?rest_route=\/wp\/v2\/posts\/18280","targetHints":{"allow":["GET"]}}],"collection":[{"href":"https:\/\/zonaroja.com.mx\/index.php?rest_route=\/wp\/v2\/posts"}],"about":[{"href":"https:\/\/zonaroja.com.mx\/index.php?rest_route=\/wp\/v2\/types\/post"}],"author":[{"embeddable":true,"href":"https:\/\/zonaroja.com.mx\/index.php?rest_route=\/wp\/v2\/users\/2"}],"replies":[{"embeddable":true,"href":"https:\/\/zonaroja.com.mx\/index.php?rest_route=%2Fwp%2Fv2%2Fcomments&post=18280"}],"version-history":[{"count":1,"href":"https:\/\/zonaroja.com.mx\/index.php?rest_route=\/wp\/v2\/posts\/18280\/revisions"}],"predecessor-version":[{"id":18283,"href":"https:\/\/zonaroja.com.mx\/index.php?rest_route=\/wp\/v2\/posts\/18280\/revisions\/18283"}],"wp:featuredmedia":[{"embeddable":true,"href":"https:\/\/zonaroja.com.mx\/index.php?rest_route=\/wp\/v2\/media\/18281"}],"wp:attachment":[{"href":"https:\/\/zonaroja.com.mx\/index.php?rest_route=%2Fwp%2Fv2%2Fmedia&parent=18280"}],"wp:term":[{"taxonomy":"category","embeddable":true,"href":"https:\/\/zonaroja.com.mx\/index.php?rest_route=%2Fwp%2Fv2%2Fcategories&post=18280"},{"taxonomy":"post_tag","embeddable":true,"href":"https:\/\/zonaroja.com.mx\/index.php?rest_route=%2Fwp%2Fv2%2Ftags&post=18280"}],"curies":[{"name":"wp","href":"https:\/\/api.w.org\/{rel}","templated":true}]}}