{"id":18287,"date":"2020-10-02T07:36:20","date_gmt":"2020-10-02T12:36:20","guid":{"rendered":"http:\/\/www.zonaroja.com.mx\/?p=18287"},"modified":"2020-10-02T07:36:24","modified_gmt":"2020-10-02T12:36:24","slug":"el-presidente-de-los-eu-donald-trump-tiene-covid-en-pleno-proceso-electoral","status":"publish","type":"post","link":"https:\/\/zonaroja.com.mx\/?p=18287","title":{"rendered":"El Presidente de los EU, Donald Trump, tiene Covid, en pleno proceso electoral"},"content":{"rendered":"\n<p>Redacci\u00f3n\/Zona Roja Cdmx.<\/p>\n\n\n\n<p>Ciudad de M\u00e9xico, 2 de octubre de 2020.- \u00abEsta noche @FLOTUS (Melania Trump) y yo dimos positivo por Covid-19. Comenzaremos nuestro proceso de cuarentena y recuperaci\u00f3n de inmediato. \u00a1Lo superaremos JUNTOS!\u00bb.<\/p>\n\n\n\n<p>As\u00ed inform\u00f3 el Presidente de los Estados Unidos de Norteam\u00e9rica, Donald Trump, que dio anoche positivo a Covid, junto con su esposa, en pleno proceso electoral para elegir a nuevo mandatario norteamericano, o en su caso reelecci\u00f3n.<\/p>\n\n\n\n<p>Trump con anterioridad incluso se hab\u00eda mofado de su contrincante a la Casa Blanca, Joe Biden, de usar cubrebocas; de hecho, pr\u00e1cticamente no usa mascarilla en los actos p\u00fablicos a los que acude.<\/p>\n\n\n\n<p>A su vez, el m\u00e9dico de Trump, Sean P. Conley, emiti\u00f3 una carta diciendo que \u00abesta tarde recib\u00ed la confirmaci\u00f3n de que tanto el presidente Trump como la primera dama Melania han dado positivo al SARS-Co-V\u00bb.<\/p>\n\n\n\n<p>Asegur\u00f3 que \u00abse encuentran bien en estos momentos y planean quedarse en la Casa Blanca durante su convalecencia\u2026 el presidente Trump seguir\u00e1 realizando sus labores sin interrupci\u00f3n mientras se recupera\u00bb.<\/p>\n\n\n\n<p>Melania Trump confirm\u00f3 que ella tambi\u00e9n estaba contagiada, pero asegur\u00f3 que se siente bien y que ha pospuesto todos sus pr\u00f3ximos compromisos. \u00abPor favor, aseg\u00farese de mantenerse a salvo y todos superaremos esto juntos\u00bb, agreg\u00f3 la primera dama.<\/p>\n\n\n\n<p>Por la tarde de ayer, el Presidente norteamericano dijo que se hab\u00eda someti\u00f3 a una prueba de Covid-19, luego de que una asesora cercana, Hope Hicks, diera positivo en un test. Las elecciones presidenciales ser\u00e1n dentro de un mes.<\/p>\n","protected":false},"excerpt":{"rendered":"<p>Redacci\u00f3n\/Zona Roja Cdmx. Ciudad de M\u00e9xico, 2 de octubre de 2020.- \u00abEsta noche @FLOTUS (Melania&hellip;<\/p>\n","protected":false},"author":2,"featured_media":18288,"comment_status":"closed","ping_status":"open","sticky":false,"template":"","format":"standard","meta":{"_lmt_disableupdate":"","_lmt_disable":"","_jetpack_memberships_contains_paid_content":false,"footnotes":""},"categories":[109,47],"tags":[2066],"class_list":["post-18287","post","type-post","status-publish","format-standard","has-post-thumbnail","hentry","category-minuto-a-minuto","category-zona-gris","tag-donald-trump-con-covid"],"jetpack_featured_media_url":"https:\/\/zonaroja.com.mx\/wp-content\/uploads\/2020\/10\/Donald-Trump-y-Melania-Trump.jpg","jetpack_sharing_enabled":true,"_links":{"self":[{"href":"https:\/\/zonaroja.com.mx\/index.php?rest_route=\/wp\/v2\/posts\/18287","targetHints":{"allow":["GET"]}}],"collection":[{"href":"https:\/\/zonaroja.com.mx\/index.php?rest_route=\/wp\/v2\/posts"}],"about":[{"href":"https:\/\/zonaroja.com.mx\/index.php?rest_route=\/wp\/v2\/types\/post"}],"author":[{"embeddable":true,"href":"https:\/\/zonaroja.com.mx\/index.php?rest_route=\/wp\/v2\/users\/2"}],"replies":[{"embeddable":true,"href":"https:\/\/zonaroja.com.mx\/index.php?rest_route=%2Fwp%2Fv2%2Fcomments&post=18287"}],"version-history":[{"count":1,"href":"https:\/\/zonaroja.com.mx\/index.php?rest_route=\/wp\/v2\/posts\/18287\/revisions"}],"predecessor-version":[{"id":18289,"href":"https:\/\/zonaroja.com.mx\/index.php?rest_route=\/wp\/v2\/posts\/18287\/revisions\/18289"}],"wp:featuredmedia":[{"embeddable":true,"href":"https:\/\/zonaroja.com.mx\/index.php?rest_route=\/wp\/v2\/media\/18288"}],"wp:attachment":[{"href":"https:\/\/zonaroja.com.mx\/index.php?rest_route=%2Fwp%2Fv2%2Fmedia&parent=18287"}],"wp:term":[{"taxonomy":"category","embeddable":true,"href":"https:\/\/zonaroja.com.mx\/index.php?rest_route=%2Fwp%2Fv2%2Fcategories&post=18287"},{"taxonomy":"post_tag","embeddable":true,"href":"https:\/\/zonaroja.com.mx\/index.php?rest_route=%2Fwp%2Fv2%2Ftags&post=18287"}],"curies":[{"name":"wp","href":"https:\/\/api.w.org\/{rel}","templated":true}]}}