{"id":18294,"date":"2020-10-02T09:40:58","date_gmt":"2020-10-02T14:40:58","guid":{"rendered":"http:\/\/www.zonaroja.com.mx\/?p=18294"},"modified":"2020-10-02T09:41:03","modified_gmt":"2020-10-02T14:41:03","slug":"el-rebrote-y-la-farsa-del-semaforo-epidemiologico-en-cuadernos-de-la-pandemia","status":"publish","type":"post","link":"https:\/\/zonaroja.com.mx\/?p=18294","title":{"rendered":"El rebrote y la farsa del sem\u00e1foro epidemiol\u00f3gico en \u201cCuadernos de la Pandemia\u201d"},"content":{"rendered":"\n<p>Evlin Arag\u00f3n\/Zona Roja.<\/p>\n\n\n\n<p>Oaxaca de Ju\u00e1rez, Oax., 2 de octubre de 2020.- El rebrote por Covid-19 &#8211;que ya se vive en pa\u00edses como Espa\u00f1a, cuya capital est\u00e1 regresando al confinamiento debido al incremento de contagios&#8211;, hace que el n\u00famero 12 de \u201cCuadernos de la Pandemia\u201d se detenga a pensar en la posibilidad de un escenario similar, pese a que en M\u00e9xico a\u00fan no termina con la cuarentena inicial.&nbsp;&nbsp;<\/p>\n\n\n\n<p>La publicaci\u00f3n oaxaque\u00f1a, iniciativa de Isidoro Yescas &nbsp;y Cluadio S\u00e1nchez, pone sobre la mesa que nuestro pa\u00eds se ubica dentro de las 10 naciones m\u00e1s afectadas por la pandemia, no en vano se ha superado el escenario catastr\u00f3fico del que hac\u00eda referencia el subsecretario de Prevenci\u00f3n de la Salud, Hugo L\u00f3pez-Gatell, en los inicios del confinamiento.&nbsp;<\/p>\n\n\n\n<p>As\u00ed mismo, refiere que aunque Oaxaca se encuentra por debajo de la media, la falta pol\u00edticas de salud y econ\u00f3micas en esta contingencia por parte de las autoridades, auguran un escenario a\u00fan m\u00e1s complejo con la llegada de la temporada invernal y la cada vez m\u00e1s honda crisis financiera.<\/p>\n\n\n\n<p>Una cr\u00edtica importante al sem\u00e1foro epidemiol\u00f3gico se pude leer en la editorial de este n\u00famero en donde expone, que ante la evidente intenci\u00f3n de pintar lo m\u00e1s pronto posible de verde a toda la naci\u00f3n, este mecanismo dejar\u00e1 de ser una gu\u00eda de salud confiable para afianzarse como un instrumento pol\u00edtico y administrativo.&nbsp;<\/p>\n\n\n\n<p>Por lo que ser\u00e1 responsabilidad exclusiva de la poblaci\u00f3n cuidarse y cuidar a sus familias para evitar contagios, poniendo m\u00e1s atenci\u00f3n a las tres reglas b\u00e1sicas: lavarse las manos constantemente, usar cubrebocas y guardar la sana distancia; ello mientras la vacuna no llegue y se aplique masivamente.<\/p>\n\n\n\n<p>\u201cCuadernos de la Pandemia\u201d tambi\u00e9n analiza en este n\u00famero el impacto que la pandemia tiene en el comportamiento social dentro y fuera del hogar, de las alternativas de autoempleo que se generan a trav\u00e9s de las redes sociales y de las respuestas que ha generado entre las mujeres el creciente feminicidio que registra nuestra entidad.&nbsp;<\/p>\n\n\n\n<p>Reproduce igualmente una cr\u00f3nica escrita del 2005 y publicada en Oaxaca 2010 sobre la remodelaci\u00f3n del z\u00f3calo que provoc\u00f3 la ca\u00edda de dos laureles, tal como acaba de ocurrir recientemente ahora; plantea c\u00f3mo se ejerce el gasto p\u00fablico para combatir el Covid-19 y los pros y contras de las videoconsultas m\u00e9dicas.<\/p>\n\n\n\n<p>Los feminicidios, la vigencia del racismo oaxaque\u00f1o y el \u201csecreto\u201c de la resistencia anti-covid de los pueblos ind\u00edgenas de la Sierra Norte, un ejercicio de prospectiva sobre la fiesta de Muertos y reproduce la caricatura ganadora del premio internacional World Press Cartoon del cartonista oaxaque\u00f1o Dar\u00edo Castillejos, sin olvidar su \u201cEnsayo Fotogr\u00e1fico\u201d.<\/p>\n\n\n\n<p>Francisco Ver\u00e1stegui, Claudio S\u00e1nchez Islas, Joel Vicente Cort\u00e9s, Gerardo Garfias Ruiz, Manuel Esparza, Manuel Matus Manzo, Olga Rosario Avenda\u00f1o, Rodrigo Vel\u00e1squez Torres, Mar\u00eda Concepci\u00f3n Villalobos L\u00f3pez, son parte de las plumas que participan en la publicaci\u00f3n. &nbsp;<\/p>\n\n\n\n<p>As\u00ed mismo, H\u00e9ctor \u00c1lvarez Mart\u00ednez, Bartolom\u00e9 Rodolfo Navarro Jim\u00e9nez, Carlos Sorroza Polo, Cipriano Miraflores Cruz, Juan D\u00edaz Carranza, Isidoro Yescas, y el monero Dar\u00edo y su caricatura ganadora, forman parte de la doceava y m\u00e1s reciente edici\u00f3n.&nbsp;<\/p>\n","protected":false},"excerpt":{"rendered":"<p>Evlin Arag\u00f3n\/Zona Roja. Oaxaca de Ju\u00e1rez, Oax., 2 de octubre de 2020.- El rebrote por&hellip;<\/p>\n","protected":false},"author":2,"featured_media":18295,"comment_status":"closed","ping_status":"open","sticky":false,"template":"","format":"standard","meta":{"_lmt_disableupdate":"","_lmt_disable":"","_jetpack_memberships_contains_paid_content":false,"footnotes":""},"categories":[109,46],"tags":[1655],"class_list":["post-18294","post","type-post","status-publish","format-standard","has-post-thumbnail","hentry","category-minuto-a-minuto","category-zona-blanca","tag-cuadernos-de-la-pandemia"],"jetpack_featured_media_url":"https:\/\/zonaroja.com.mx\/wp-content\/uploads\/2020\/10\/Cuadernos-de-la-pandemia-12.jpg","jetpack_sharing_enabled":true,"_links":{"self":[{"href":"https:\/\/zonaroja.com.mx\/index.php?rest_route=\/wp\/v2\/posts\/18294","targetHints":{"allow":["GET"]}}],"collection":[{"href":"https:\/\/zonaroja.com.mx\/index.php?rest_route=\/wp\/v2\/posts"}],"about":[{"href":"https:\/\/zonaroja.com.mx\/index.php?rest_route=\/wp\/v2\/types\/post"}],"author":[{"embeddable":true,"href":"https:\/\/zonaroja.com.mx\/index.php?rest_route=\/wp\/v2\/users\/2"}],"replies":[{"embeddable":true,"href":"https:\/\/zonaroja.com.mx\/index.php?rest_route=%2Fwp%2Fv2%2Fcomments&post=18294"}],"version-history":[{"count":1,"href":"https:\/\/zonaroja.com.mx\/index.php?rest_route=\/wp\/v2\/posts\/18294\/revisions"}],"predecessor-version":[{"id":18296,"href":"https:\/\/zonaroja.com.mx\/index.php?rest_route=\/wp\/v2\/posts\/18294\/revisions\/18296"}],"wp:featuredmedia":[{"embeddable":true,"href":"https:\/\/zonaroja.com.mx\/index.php?rest_route=\/wp\/v2\/media\/18295"}],"wp:attachment":[{"href":"https:\/\/zonaroja.com.mx\/index.php?rest_route=%2Fwp%2Fv2%2Fmedia&parent=18294"}],"wp:term":[{"taxonomy":"category","embeddable":true,"href":"https:\/\/zonaroja.com.mx\/index.php?rest_route=%2Fwp%2Fv2%2Fcategories&post=18294"},{"taxonomy":"post_tag","embeddable":true,"href":"https:\/\/zonaroja.com.mx\/index.php?rest_route=%2Fwp%2Fv2%2Ftags&post=18294"}],"curies":[{"name":"wp","href":"https:\/\/api.w.org\/{rel}","templated":true}]}}