{"id":1830,"date":"2019-06-25T11:01:26","date_gmt":"2019-06-25T16:01:26","guid":{"rendered":"http:\/\/www.zonaroja.com.mx\/?p=1830"},"modified":"2019-06-25T08:04:51","modified_gmt":"2019-06-25T13:04:51","slug":"denuncian-recurrentes-feminicidios-y-agresiones-contra-mujeres-en-la-mixteca","status":"publish","type":"post","link":"https:\/\/zonaroja.com.mx\/?p=1830","title":{"rendered":"Denuncian recurrentes feminicidios y agresiones contra mujeres en la Mixteca"},"content":{"rendered":"\n<p>Evlin Arag\u00f3n<\/p>\n\n\n\n<p>Oaxaca de\nJu\u00e1rez, Oax-. 25 de junio de 2019.- El pasado 21 de junio, Cornelia Cruz\nGonz\u00e1lez fue brutalmente golpeada y a consecuencia de ello falleci\u00f3 en la\ncomunidad de Morelos, San Pedro A\u00f1a\u00f1e, perteneciente al distrito de Nochixtl\u00e1n,\nen la regi\u00f3n Mixteca de Oaxaca.<\/p>\n\n\n\n<p>As\u00ed lo\ndenunci\u00f3 el Centro de Derechos Humanos y Asesor\u00eda a Pueblos Ind\u00edgenas A.C.,\ncuyo representante Maurilio Santiago Reyes asegur\u00f3 que el agresor de la mujer\nde 69 a\u00f1os de edad, se encuentra a disposici\u00f3n de la autoridad.<\/p>\n\n\n\n<p>Sin embargo,\nes familiar de una v\u00edctima sobreviviente del 19 de junio de 2016 en Asunci\u00f3n\nNochixtl\u00e1n, por lo que temen que el asunto se politice en perjuicio de la\nv\u00edctima.<\/p>\n\n\n\n<p>En este\nsentido, exigi\u00f3 a la Fiscal\u00eda General del Estado que se investigue el\nfeminicidio de la se\u00f1ora Cornelia Cruz Gonz\u00e1lez y se sancione a quienes\nresulten responsables.<\/p>\n\n\n\n<p>Indic\u00f3 que\nexiste un alto \u00edndice de homicidios y feminicidios en la regi\u00f3n Mixteca de\nOaxaca, que no han sido investigados por las autoridades de procuraci\u00f3n de\njusticia encabezadas en la entidad por Rub\u00e9n Vasconcelos M\u00e9ndez.<\/p>\n\n\n\n<p>Ello pese a la declaraci\u00f3n de la Alerta de Violencia de G\u00e9nero para el Estado de Oaxaca que emiti\u00f3 la Comisi\u00f3n Nacional para prevenir y Erradicar la Violencia Contra las Mujeres (Conavim), el 30 de agosto del a\u00f1o pasado, y por la cual se obliga a las autoridades a responder con acciones contundentes para atender la problem\u00e1tica.<\/p>\n\n\n\n<figure class=\"wp-block-embed-twitter wp-block-embed is-type-rich is-provider-twitter\"><div class=\"wp-block-embed__wrapper\">\n<div class=\"twitter-tweet\"><blockquote class=\"twitter-tweet\" data-lang=\"es\"><p lang=\"es\" dir=\"ltr\">Nada justifica la violencia contra una mujer. <a href=\"https:\/\/t.co\/jVFyYfhNTz\">pic.twitter.com\/jVFyYfhNTz<\/a><\/p>&mdash; GESMujer (@GES_Mujer) <a href=\"https:\/\/twitter.com\/GES_Mujer\/status\/1140762669751795712?ref_src=twsrc%5Etfw\">17 de junio de 2019<\/a><\/blockquote><\/div>\n<\/div><\/figure>\n\n\n\n<p>AUMENTAN\nMUERTES<\/p>\n\n\n\n<p>Los\nfeminicidios han sido recurrentes en los \u00faltimos d\u00edas en las regiones del\nIstmo, Costa, Cuenca y Valles Centrales como han registrado los medios de\ncomunicaci\u00f3n; mientras que Consorcio Oaxaca ha subido su contador a 308 casos\nen la administraci\u00f3n de Alejandro Murat Hinojosa.<\/p>\n\n\n\n<p>Dentro de\nlos eventos violentos recientes y m\u00e1s escalofriantes se encuentra el de\nGuadalupe, asesinada a barretazos por su pareja sentimental en el municipio de\nla Villa de Zaachila, o los restos de dos mujeres que fueron encontrados\nmutilados al interior de bolsas negras de pl\u00e1stico en la localidad de\nAyotzintepec, perteneciente a la regi\u00f3n de la Cuenca.<\/p>\n\n\n\n<p>De acuerdo\ncon los conteos de organizaciones sociales la cifra de feminicidios en Oaxaca\ndurante los \u00faltimos cuatro sexenios supera los mil 500, de los cuales poco m\u00e1s\nde 300 se le adjudican a la administraci\u00f3n actual que encabeza Alejandro Murat\nHinojosa.<\/p>\n","protected":false},"excerpt":{"rendered":"<p>Evlin Arag\u00f3n Oaxaca de Ju\u00e1rez, Oax-. 25 de junio de 2019.- El pasado 21 de&hellip;<\/p>\n","protected":false},"author":2,"featured_media":1831,"comment_status":"closed","ping_status":"open","sticky":false,"template":"","format":"standard","meta":{"_lmt_disableupdate":"","_lmt_disable":"","_jetpack_memberships_contains_paid_content":false,"footnotes":""},"categories":[109,51],"tags":[230,97,170],"class_list":["post-1830","post","type-post","status-publish","format-standard","has-post-thumbnail","hentry","category-minuto-a-minuto","category-zona-roja","tag-cedhapi","tag-feminicidios","tag-ruben-vasconcelos-mendez"],"jetpack_featured_media_url":"https:\/\/zonaroja.com.mx\/wp-content\/uploads\/2019\/06\/b4ba5c32-3367-45f3-a28d-fd1a5fa0e458.jpg","jetpack_sharing_enabled":true,"_links":{"self":[{"href":"https:\/\/zonaroja.com.mx\/index.php?rest_route=\/wp\/v2\/posts\/1830","targetHints":{"allow":["GET"]}}],"collection":[{"href":"https:\/\/zonaroja.com.mx\/index.php?rest_route=\/wp\/v2\/posts"}],"about":[{"href":"https:\/\/zonaroja.com.mx\/index.php?rest_route=\/wp\/v2\/types\/post"}],"author":[{"embeddable":true,"href":"https:\/\/zonaroja.com.mx\/index.php?rest_route=\/wp\/v2\/users\/2"}],"replies":[{"embeddable":true,"href":"https:\/\/zonaroja.com.mx\/index.php?rest_route=%2Fwp%2Fv2%2Fcomments&post=1830"}],"version-history":[{"count":2,"href":"https:\/\/zonaroja.com.mx\/index.php?rest_route=\/wp\/v2\/posts\/1830\/revisions"}],"predecessor-version":[{"id":1837,"href":"https:\/\/zonaroja.com.mx\/index.php?rest_route=\/wp\/v2\/posts\/1830\/revisions\/1837"}],"wp:featuredmedia":[{"embeddable":true,"href":"https:\/\/zonaroja.com.mx\/index.php?rest_route=\/wp\/v2\/media\/1831"}],"wp:attachment":[{"href":"https:\/\/zonaroja.com.mx\/index.php?rest_route=%2Fwp%2Fv2%2Fmedia&parent=1830"}],"wp:term":[{"taxonomy":"category","embeddable":true,"href":"https:\/\/zonaroja.com.mx\/index.php?rest_route=%2Fwp%2Fv2%2Fcategories&post=1830"},{"taxonomy":"post_tag","embeddable":true,"href":"https:\/\/zonaroja.com.mx\/index.php?rest_route=%2Fwp%2Fv2%2Ftags&post=1830"}],"curies":[{"name":"wp","href":"https:\/\/api.w.org\/{rel}","templated":true}]}}