{"id":18300,"date":"2020-10-02T15:56:12","date_gmt":"2020-10-02T20:56:12","guid":{"rendered":"http:\/\/www.zonaroja.com.mx\/?p=18300"},"modified":"2020-10-02T15:56:15","modified_gmt":"2020-10-02T20:56:15","slug":"sin-violencia-normalistas-de-oaxaca-conmemoran-el-2-de-octubre-del-68","status":"publish","type":"post","link":"https:\/\/zonaroja.com.mx\/?p=18300","title":{"rendered":"Sin violencia, normalistas de Oaxaca conmemoran el 2 de octubre del 68"},"content":{"rendered":"\n<p>Evlin Arag\u00f3n\/Zona Roja.<\/p>\n\n\n\n<p>Oaxaca de Ju\u00e1rez, Oax., 2 de octubre de 2020.- Al menos unos 500 estudiantes de las diferentes escuelas normales de la entidad oaxaque\u00f1a, marcharon este viernes por la ma\u00f1ana para conmemorar el 52 aniversario de la Matanza de Tlatelolco, a fin de plantear la no repetici\u00f3n de una represi\u00f3n de tal magnitud.&nbsp;<\/p>\n\n\n\n<p>De forma pac\u00edfica, las y los j\u00f3venes salieron de la fuente de las Ocho Regiones al z\u00f3calo de la ciudad, enunciando una serie de consignas que rechazan la violencia en contra de la base estudiantil y reiteran que un d\u00eda como el 2 de Octubre no puede ser olvidado por la sociedad mexicana.\u00a0<\/p>\n\n\n\n<figure class=\"wp-block-embed-twitter wp-block-embed is-type-rich is-provider-twitter\"><div class=\"wp-block-embed__wrapper\">\n<div class=\"twitter-tweet\"><blockquote class=\"twitter-tweet\" data-lang=\"es\"><p lang=\"es\" dir=\"ltr\"><a href=\"https:\/\/twitter.com\/hashtag\/ENVIVO?src=hash&amp;ref_src=twsrc%5Etfw\">#ENVIVO<\/a><br>Oaxaca de Ju\u00e1rez, Oax., 2 de octubre de 1968. Marcha de estudiantes normalistas en la conmemoraci\u00f3n del 52 aniversario de la matanza de Tlatelolco, Ciudad de M\u00e9xico.<br><br>Aqu\u00ed el enlace de la manifestaci\u00f3n pac\u00edfica hoy: <a href=\"https:\/\/t.co\/MyTQ1EYNDW\">https:\/\/t.co\/MyTQ1EYNDW<\/a> <a href=\"https:\/\/t.co\/YBfQZM9fv0\">pic.twitter.com\/YBfQZM9fv0<\/a><\/p>&mdash; Zona Roja Oaxaca (@MexRoja) <a href=\"https:\/\/twitter.com\/MexRoja\/status\/1312055493104488449?ref_src=twsrc%5Etfw\">2 de octubre de 2020<\/a><\/blockquote><\/div>\n<\/div><\/figure>\n\n\n\n<p>\u201cNi perd\u00f3n ni olvido\u201d y \u201cFue el Estado\u201d son las frases m\u00e1s utilizada en las pancartas que se contaron por decenas, en la marcha cuyo recorrido incluyo las principales calles de la ciudad hasta llegar a la plaza central, las cual desde hace un par de d\u00edas est\u00e1 llena de puestos ambulantes, incluso juegos mec\u00e1nicos, de la organizaci\u00f3n Frente Popular \u201c14 de Junio\u201d.&nbsp;<\/p>\n\n\n\n<p>Durante el mitin, que realizaron en el kiosco del z\u00f3calo, el grupo de j\u00f3venes reclam\u00f3 al Estado la represi\u00f3n en contra de la comunidad estudiantil, a la par que pidieron respeto a la protesta social y atenci\u00f3n de las autoridades a las diferentes demandas por parte de la comunidad normalista.&nbsp;<\/p>\n\n\n\n<p>La movilizaci\u00f3n de los normalistas se realiz\u00f3 de manera pac\u00edfica y ordenada, sin pintas ni actos vand\u00e1licos y as\u00ed se retiraron del centro de la capital.<\/p>\n\n\n\n<figure class=\"wp-block-embed-twitter wp-block-embed is-type-rich is-provider-twitter\"><div class=\"wp-block-embed__wrapper\">\n<div class=\"twitter-tweet\"><blockquote class=\"twitter-tweet\" data-lang=\"es\"><p lang=\"es\" dir=\"ltr\"><a href=\"https:\/\/twitter.com\/hashtag\/%C3%9AltimoMinuto?src=hash&amp;ref_src=twsrc%5Etfw\">#\u00daltimoMinuto<\/a> <br>Sin contratiempos ni vandalismos, culmina en el z\u00f3calo de la capital oaxaque\u00f1a la marcha de estudiantes <a href=\"https:\/\/twitter.com\/hashtag\/normalistas?src=hash&amp;ref_src=twsrc%5Etfw\">#normalistas<\/a>, que conmemoraron el 52 aniversario de la <a href=\"https:\/\/twitter.com\/hashtag\/matanza?src=hash&amp;ref_src=twsrc%5Etfw\">#matanza<\/a> de <a href=\"https:\/\/twitter.com\/hashtag\/Tlatelolco?src=hash&amp;ref_src=twsrc%5Etfw\">#Tlatelolco<\/a>. <a href=\"https:\/\/t.co\/gXA6FCG38d\">pic.twitter.com\/gXA6FCG38d<\/a><\/p>&mdash; Zona Roja Oaxaca (@MexRoja) <a href=\"https:\/\/twitter.com\/MexRoja\/status\/1312075249656238081?ref_src=twsrc%5Etfw\">2 de octubre de 2020<\/a><\/blockquote><\/div>\n<\/div><\/figure>\n\n\n\n<p>Y \u201cPORROS\u201d BLOQUEAN<\/p>\n\n\n\n<p>Por su parte, un grupo de \u201cporros\u201d y aspirantes a ingresar la Universidad Aut\u00f3noma \u201cBenito Ju\u00e1rez\u201d de Oaxaca realizaron una protesta a las afueras de rector\u00eda, a la cual incluyeron la exigencia de justicia y aparici\u00f3n con vida de los 43 estudiantes de Ayotzinapa desaparecidos desde hace ya seis a\u00f1os.&nbsp;<\/p>\n\n\n\n<p>La protesta se uni\u00f3 al bloqueo vial que realizan desde ayer integrantes del Sindicato de Trabajadores y Empleados de la Universidad Aut\u00f3noma Benito Ju\u00e1rez de Oaxaca (STEUABJO) para protestar por el adeudo en el pago de salarios a 85 de sus compa\u00f1eros.<\/p>\n\n\n\n<p>La circulaci\u00f3n vehicular fue interrumpida en la avenida Universidad y el crucero de Cinco Se\u00f1ores con la ayuda de unidades de motor, pertenecientes al servicio p\u00fablico urbano, que previamente fueron secuestradas como parte de una jornada de lucha sindical.<\/p>\n\n\n\n<p>Finalmente, la Secci\u00f3n 22 de la Coordinadora Nacional de Trabajadores de la Educaci\u00f3n (CNTE), anunci\u00f3 que ser\u00e1 por la tarde cuando realicen un mitin pol\u00edtico, conmemorativo a la fecha y con la intenci\u00f3n de que la agresi\u00f3n del Estado no sea borrada de la lucha social y magisterial.\u00a0<\/p>\n\n\n\n<figure class=\"wp-block-embed-twitter wp-block-embed is-type-rich is-provider-twitter\"><div class=\"wp-block-embed__wrapper\">\n<div class=\"twitter-tweet\"><blockquote class=\"twitter-tweet\" data-lang=\"es\"><p lang=\"es\" dir=\"ltr\">\u00bfQu\u00e9 le parece? \u201cTambi\u00e9n estamos aqu\u00ed para decirle fuerte y claro a  Vicente Fox que no permitiremos que nos arrebate ni un derecho m\u00e1s\u201d, afirmaron \u201cporros\u201d que tienen en su poder instalaciones de la <a href=\"https:\/\/twitter.com\/UABJO?ref_src=twsrc%5Etfw\">@UABJO<\/a> en Ciudad Universitaria. A\u00fan ignoran que el Presidente es <a href=\"https:\/\/twitter.com\/lopezobrador_?ref_src=twsrc%5Etfw\">@lopezobrador_<\/a>. <a href=\"https:\/\/t.co\/LX3jLGipU0\">pic.twitter.com\/LX3jLGipU0<\/a><\/p>&mdash; Zona Roja Oaxaca (@MexRoja) <a href=\"https:\/\/twitter.com\/MexRoja\/status\/1312095195752611841?ref_src=twsrc%5Etfw\">2 de octubre de 2020<\/a><\/blockquote><\/div>\n<\/div><\/figure>\n","protected":false},"excerpt":{"rendered":"<p>Evlin Arag\u00f3n\/Zona Roja. Oaxaca de Ju\u00e1rez, Oax., 2 de octubre de 2020.- Al menos unos&hellip;<\/p>\n","protected":false},"author":2,"featured_media":18301,"comment_status":"closed","ping_status":"open","sticky":false,"template":"","format":"standard","meta":{"_lmt_disableupdate":"","_lmt_disable":"","_jetpack_memberships_contains_paid_content":false,"footnotes":""},"categories":[109,47],"tags":[2067],"class_list":["post-18300","post","type-post","status-publish","format-standard","has-post-thumbnail","hentry","category-minuto-a-minuto","category-zona-gris","tag-marchas-en-oaxaca-2-de-octubre"],"jetpack_featured_media_url":"https:\/\/zonaroja.com.mx\/wp-content\/uploads\/2020\/10\/Marcha-normalistas-2-de-octubre.jpg","jetpack_sharing_enabled":true,"_links":{"self":[{"href":"https:\/\/zonaroja.com.mx\/index.php?rest_route=\/wp\/v2\/posts\/18300","targetHints":{"allow":["GET"]}}],"collection":[{"href":"https:\/\/zonaroja.com.mx\/index.php?rest_route=\/wp\/v2\/posts"}],"about":[{"href":"https:\/\/zonaroja.com.mx\/index.php?rest_route=\/wp\/v2\/types\/post"}],"author":[{"embeddable":true,"href":"https:\/\/zonaroja.com.mx\/index.php?rest_route=\/wp\/v2\/users\/2"}],"replies":[{"embeddable":true,"href":"https:\/\/zonaroja.com.mx\/index.php?rest_route=%2Fwp%2Fv2%2Fcomments&post=18300"}],"version-history":[{"count":1,"href":"https:\/\/zonaroja.com.mx\/index.php?rest_route=\/wp\/v2\/posts\/18300\/revisions"}],"predecessor-version":[{"id":18302,"href":"https:\/\/zonaroja.com.mx\/index.php?rest_route=\/wp\/v2\/posts\/18300\/revisions\/18302"}],"wp:featuredmedia":[{"embeddable":true,"href":"https:\/\/zonaroja.com.mx\/index.php?rest_route=\/wp\/v2\/media\/18301"}],"wp:attachment":[{"href":"https:\/\/zonaroja.com.mx\/index.php?rest_route=%2Fwp%2Fv2%2Fmedia&parent=18300"}],"wp:term":[{"taxonomy":"category","embeddable":true,"href":"https:\/\/zonaroja.com.mx\/index.php?rest_route=%2Fwp%2Fv2%2Fcategories&post=18300"},{"taxonomy":"post_tag","embeddable":true,"href":"https:\/\/zonaroja.com.mx\/index.php?rest_route=%2Fwp%2Fv2%2Ftags&post=18300"}],"curies":[{"name":"wp","href":"https:\/\/api.w.org\/{rel}","templated":true}]}}