{"id":18303,"date":"2020-10-02T16:11:48","date_gmt":"2020-10-02T21:11:48","guid":{"rendered":"http:\/\/www.zonaroja.com.mx\/?p=18303"},"modified":"2020-10-02T16:11:56","modified_gmt":"2020-10-02T21:11:56","slug":"familia-que-estuvo-a-punto-de-ser-quemada-en-tamazulapan-pide-justicia","status":"publish","type":"post","link":"https:\/\/zonaroja.com.mx\/?p=18303","title":{"rendered":"Familia que estuvo a punto de ser quemada en Tamazul\u00e1pan pide justicia&nbsp;"},"content":{"rendered":"\n<p>Evlin Arag\u00f3n\/Zona Roja.<\/p>\n\n\n\n<p>Oaxaca de Ju\u00e1rez, Oax., 2 de octubre de 2020.- Al menos siete integrantes de la familia Dom\u00ednguez, dos menores de edad, provenientes de Tamazul\u00e1pam del Esp\u00edritu Santo Mixe, se manifestaron a las afueras de Ciudad Administrativa, en Tlalixtac de Cabrera, para exigir justicia ante el despojo de su patrimonio del que fueron v\u00edctimas el pasado mi\u00e9rcoles 30 de septiembre.&nbsp;&nbsp;<\/p>\n\n\n\n<p>\u201cHoy venimos a pedir justicia de mi pap\u00e1, de mi familia, ya que fuimos despojados brutalmente en el paraje \u2018Rancho Salinas\u2019, perteneciente a la agencia Linda Vista, fuimos torturados, secuestrados, humillados y a punto de ser prendidos con lumbre\u201d, refiri\u00f3 Alma Teresa Dom\u00ednguez Moreliano.<\/p>\n\n\n\n<p>La mujer explic\u00f3 que fueron las autoridades de la agencia Linda Vista las que quemaron sus viviendas, huertos, milpa, \u00e1rboles frutales, una granja y un vivero, en general todo el patrimonio familiar fruto del trabajo honrado de 21 a\u00f1os de su padre, hoy ya convertido en un adulto mayor.&nbsp;<\/p>\n\n\n\n<p>De hecho, refiere que estuvieron a punto de quemarles en vida, ya que se encontraban al interior de la vivienda el d\u00eda mi\u00e9rcoles que sucedieron los hechos, en los cuales participaron m\u00e1s de 25 personas, comandadas por las autoridades de la agencia municipal.\u00a0<\/p>\n\n\n\n<figure class=\"wp-block-embed-twitter wp-block-embed is-type-rich is-provider-twitter\"><div class=\"wp-block-embed__wrapper\">\n<div class=\"twitter-tweet\"><blockquote class=\"twitter-tweet\" data-lang=\"es\"><p lang=\"es\" dir=\"ltr\"><a href=\"https:\/\/twitter.com\/hashtag\/%C3%9AltimoMinuto?src=hash&amp;ref_src=twsrc%5Etfw\">#\u00daltimoMinuto<\/a> <br>En oficinas del <a href=\"https:\/\/twitter.com\/GobOax?ref_src=twsrc%5Etfw\">@GobOax<\/a>, en Ciudad Administrativa, Tlalixtac de Cabrera, protestan hoy desalojados en Linda Vista, Tamazul\u00e1pam del Esp\u00edritu Santo Mixe, por parte de la autoridad municipal; exigen justicia. <a href=\"https:\/\/t.co\/3bvEIeeqCs\">pic.twitter.com\/3bvEIeeqCs<\/a><\/p>&mdash; Zona Roja Oaxaca (@MexRoja) <a href=\"https:\/\/twitter.com\/MexRoja\/status\/1312072335894155266?ref_src=twsrc%5Etfw\">2 de octubre de 2020<\/a><\/blockquote><\/div>\n<\/div><\/figure>\n\n\n\n<p>\u201cNo les importo que estuvieran mis hijos durmiendo, todav\u00eda estaban en cama cuando estas cuatro personas llegaron, comandando a otras como 25 personas para tumbar las casas, a duras penas pude sacar a mis dos nenes y todas sus cosas fueron quemadas\u201d, relat\u00f3.<\/p>\n\n\n\n<p>Los da\u00f1os materiales no fueron lo \u00fanico que realizaron, ya que tambi\u00e9n desnudaron a los integrantes de la familia y los amarraron con la intenci\u00f3n de quemarlos vivos como represalia, luego de que emprendieran un juicio ante el Tribunal Agrario con sede en Tuxtepec, para defender la hect\u00e1rea de car\u00e1cter comunal pero que fue entregada hace 21 a\u00f1os al se\u00f1or Dom\u00ednguez.<\/p>\n\n\n\n<p>De la agresi\u00f3n y represi\u00f3n responsabilizaron al agente municipal Efra\u00edn Mart\u00ednez Jim\u00e9nez; al s\u00edndico auxiliar, Reynaldo P\u00e9rez Mar\u00edn; al alcalde Constantino Rom\u00e1n V\u00e1squez, y al auxiliar de Bienes Comunales, Agust\u00edn Mart\u00ednez Jim\u00e9nez, por lo que presentaron una denuncia penal que piden agilicen las autoridades encargadas de la procuraci\u00f3n de justicia en Oaxaca.&nbsp;<\/p>\n\n\n\n<p>La familia pidi\u00f3 a la Secretar\u00eda General de Gobierno de Oaxaca y la Fiscal\u00eda General del Estado tomar cartas en el asunto, agilizar la inspecci\u00f3n ocular de lo sucedido, fincar responsabilidades y aplicar las sanciones correspondientes para los agresores.&nbsp;<\/p>\n\n\n\n<p>\u201cNos lo quitaron a la mala y nos mataron en vida\u201d, \u201cA m\u00ed tambi\u00e9n me torturaron\u201d, \u201cAlto a la represi\u00f3n, castigo a las autoridades de Linda Vista\u201d, \u201cEstaba en mi camita cuando las autoridades de Linda Vista demolieron mi casita. Justicia\u201d, \u201c21 a\u00f1os de trabajo y destruido en unas cuantas horas\u201d, y \u201cMe secuestraron por ser mujer y por defender a mis padres\u201d, fueron las pancartas que acompa\u00f1aron la protesta familiar.&nbsp;<\/p>\n","protected":false},"excerpt":{"rendered":"<p>Evlin Arag\u00f3n\/Zona Roja. Oaxaca de Ju\u00e1rez, Oax., 2 de octubre de 2020.- Al menos siete&hellip;<\/p>\n","protected":false},"author":2,"featured_media":18304,"comment_status":"closed","ping_status":"open","sticky":false,"template":"","format":"standard","meta":{"_lmt_disableupdate":"","_lmt_disable":"","_jetpack_memberships_contains_paid_content":false,"footnotes":""},"categories":[109,47],"tags":[587],"class_list":["post-18303","post","type-post","status-publish","format-standard","has-post-thumbnail","hentry","category-minuto-a-minuto","category-zona-gris","tag-tamazulapam-del-espiritu-santo"],"jetpack_featured_media_url":"https:\/\/zonaroja.com.mx\/wp-content\/uploads\/2020\/10\/Protesta-Tamazulapam.jpg","jetpack_sharing_enabled":true,"_links":{"self":[{"href":"https:\/\/zonaroja.com.mx\/index.php?rest_route=\/wp\/v2\/posts\/18303","targetHints":{"allow":["GET"]}}],"collection":[{"href":"https:\/\/zonaroja.com.mx\/index.php?rest_route=\/wp\/v2\/posts"}],"about":[{"href":"https:\/\/zonaroja.com.mx\/index.php?rest_route=\/wp\/v2\/types\/post"}],"author":[{"embeddable":true,"href":"https:\/\/zonaroja.com.mx\/index.php?rest_route=\/wp\/v2\/users\/2"}],"replies":[{"embeddable":true,"href":"https:\/\/zonaroja.com.mx\/index.php?rest_route=%2Fwp%2Fv2%2Fcomments&post=18303"}],"version-history":[{"count":1,"href":"https:\/\/zonaroja.com.mx\/index.php?rest_route=\/wp\/v2\/posts\/18303\/revisions"}],"predecessor-version":[{"id":18305,"href":"https:\/\/zonaroja.com.mx\/index.php?rest_route=\/wp\/v2\/posts\/18303\/revisions\/18305"}],"wp:featuredmedia":[{"embeddable":true,"href":"https:\/\/zonaroja.com.mx\/index.php?rest_route=\/wp\/v2\/media\/18304"}],"wp:attachment":[{"href":"https:\/\/zonaroja.com.mx\/index.php?rest_route=%2Fwp%2Fv2%2Fmedia&parent=18303"}],"wp:term":[{"taxonomy":"category","embeddable":true,"href":"https:\/\/zonaroja.com.mx\/index.php?rest_route=%2Fwp%2Fv2%2Fcategories&post=18303"},{"taxonomy":"post_tag","embeddable":true,"href":"https:\/\/zonaroja.com.mx\/index.php?rest_route=%2Fwp%2Fv2%2Ftags&post=18303"}],"curies":[{"name":"wp","href":"https:\/\/api.w.org\/{rel}","templated":true}]}}