{"id":18306,"date":"2020-10-02T16:23:02","date_gmt":"2020-10-02T21:23:02","guid":{"rendered":"http:\/\/www.zonaroja.com.mx\/?p=18306"},"modified":"2020-10-02T16:23:06","modified_gmt":"2020-10-02T21:23:06","slug":"protestan-trabajadores-de-gobierno-por-falta-de-pagos-y-exigencia-de-aumento-salarial","status":"publish","type":"post","link":"https:\/\/zonaroja.com.mx\/?p=18306","title":{"rendered":"Protestan trabajadores de gobierno por falta de pagos y exigencia de aumento salarial"},"content":{"rendered":"\n<p>Yuridiana Sosa\/Zona Roja.<\/p>\n\n\n\n<p>Oaxaca de Ju\u00e1rez, de Oax., 2 de octubre de 2020.- Trabajadores del Estado de distintos sindicatos se movilizaron este viernes en Ciudad Judicial, San Bartolo Coyotepec, y en la Junta Local de Conciliaci\u00f3n y Arbitraje en la capital, en protestas diferentes, para exigir pagos y aumentos salariales.<\/p>\n\n\n\n<p>Desde temprana hora, decenas de integrantes del Sindicato de Empleados del Poder Judicial del Gobierno del Estado de Oaxaca e Instituciones Conexas, se manifestaron en el complejo ubicado en la agencia de Reyes Mantec\u00f3n, Coyotepec, en demanda al pago de retroactivos de este 2020.<\/p>\n\n\n\n<p>Los afectados, quienes cerraron algunos de los edificios del complejo gubermanental, se\u00f1alaron que el Gobierno del Estado ha actuado con \u201cenga\u00f1o y flagrante discriminaci\u00f3n\u201d para quienes pertenecen a este gremio, evitando sus pagos.<\/p>\n\n\n\n<p>El hartazgo moviliz\u00f3 a los bur\u00f3cratas a\u00fan en plena contingencia con un incremento de casos de Covid-19, los cuales en las \u00faltimas semanas se han multiplicado de forma importante en los municipios de Valles Centrales.<\/p>\n\n\n\n<p>As\u00ed tambi\u00e9n, el Sindicato \u00danico de Trabajadores al Servicio del Colegio Superior para la Educaci\u00f3n Integral Intercultural de Oaxaca (SUTSCSEIIO) se manifest\u00f3 en instalaciones de la Junta Local de Conciliaci\u00f3n y Arbitraje, como parte de una mesa de trabajo para la revisi\u00f3n del contrato colectivo en la que exigen aumento y ajuste a salarios.<\/p>\n\n\n\n<p>El secretario de Organizaci\u00f3n, Eduardo Gonz\u00e1lez L\u00f3pez, demand\u00f3 a la directora del sistema CSEIIO, Emilia Garc\u00eda Guzm\u00e1n, considerar un incremento justo para los trabajadores que atienden en las comunidades ind\u00edgenas, pues asegura, existe el presupuesto para ejecutarlo.<\/p>\n\n\n\n<p>\u201cFuera Emilia Garc\u00eda\u201d, \u201cNo m\u00e1s corruptos que se hacen ricos a costa de la educaci\u00f3n ind\u00edgena de Oaxaca\u201d, expusieron los docentes y personal administrativo.<\/p>\n\n\n\n<p>&nbsp;Estas manifestaciones se unen a la registrada a puerta de la Universidad Aut\u00f3noma \u201cBenito Ju\u00e1rez\u201d de Oaxaca y a estudiantes normalistas que marcharon en conmemoraci\u00f3n al 52 aniversario de la matanza de Tlatelolco, en Ciudad de M\u00e9xico.<\/p>\n","protected":false},"excerpt":{"rendered":"<p>Yuridiana Sosa\/Zona Roja. Oaxaca de Ju\u00e1rez, de Oax., 2 de octubre de 2020.- Trabajadores del&hellip;<\/p>\n","protected":false},"author":2,"featured_media":18307,"comment_status":"closed","ping_status":"open","sticky":false,"template":"","format":"standard","meta":{"_lmt_disableupdate":"","_lmt_disable":"","_jetpack_memberships_contains_paid_content":false,"footnotes":""},"categories":[109,47],"tags":[],"class_list":["post-18306","post","type-post","status-publish","format-standard","has-post-thumbnail","hentry","category-minuto-a-minuto","category-zona-gris"],"jetpack_featured_media_url":"https:\/\/zonaroja.com.mx\/wp-content\/uploads\/2020\/10\/Marcha-sindicato.jpg","jetpack_sharing_enabled":true,"_links":{"self":[{"href":"https:\/\/zonaroja.com.mx\/index.php?rest_route=\/wp\/v2\/posts\/18306","targetHints":{"allow":["GET"]}}],"collection":[{"href":"https:\/\/zonaroja.com.mx\/index.php?rest_route=\/wp\/v2\/posts"}],"about":[{"href":"https:\/\/zonaroja.com.mx\/index.php?rest_route=\/wp\/v2\/types\/post"}],"author":[{"embeddable":true,"href":"https:\/\/zonaroja.com.mx\/index.php?rest_route=\/wp\/v2\/users\/2"}],"replies":[{"embeddable":true,"href":"https:\/\/zonaroja.com.mx\/index.php?rest_route=%2Fwp%2Fv2%2Fcomments&post=18306"}],"version-history":[{"count":1,"href":"https:\/\/zonaroja.com.mx\/index.php?rest_route=\/wp\/v2\/posts\/18306\/revisions"}],"predecessor-version":[{"id":18308,"href":"https:\/\/zonaroja.com.mx\/index.php?rest_route=\/wp\/v2\/posts\/18306\/revisions\/18308"}],"wp:featuredmedia":[{"embeddable":true,"href":"https:\/\/zonaroja.com.mx\/index.php?rest_route=\/wp\/v2\/media\/18307"}],"wp:attachment":[{"href":"https:\/\/zonaroja.com.mx\/index.php?rest_route=%2Fwp%2Fv2%2Fmedia&parent=18306"}],"wp:term":[{"taxonomy":"category","embeddable":true,"href":"https:\/\/zonaroja.com.mx\/index.php?rest_route=%2Fwp%2Fv2%2Fcategories&post=18306"},{"taxonomy":"post_tag","embeddable":true,"href":"https:\/\/zonaroja.com.mx\/index.php?rest_route=%2Fwp%2Fv2%2Ftags&post=18306"}],"curies":[{"name":"wp","href":"https:\/\/api.w.org\/{rel}","templated":true}]}}