{"id":18309,"date":"2020-10-02T19:16:53","date_gmt":"2020-10-03T00:16:53","guid":{"rendered":"http:\/\/www.zonaroja.com.mx\/?p=18309"},"modified":"2020-10-02T19:16:58","modified_gmt":"2020-10-03T00:16:58","slug":"exigen-a-fiscal-investigar-agresiones-contra-lideresa-social-en-la-cuenca","status":"publish","type":"post","link":"https:\/\/zonaroja.com.mx\/?p=18309","title":{"rendered":"Exigen a fiscal investigar agresiones contra lideresa social en la Cuenca"},"content":{"rendered":"\n<p>Evlin Arag\u00f3n\/Zona Roja.<\/p>\n\n\n\n<p>Oaxaca de Ju\u00e1rez, Oax., 2 de octubre de 2020.- El Congreso de Oaxaca analiza un exhorto dirigido al titular de la Fiscal\u00eda General del Estado, Rub\u00e9n Vasconcelos M\u00e9ndez, para que investigue de manera pronta, expedita, completa e imparcial las agresiones contra la defensora ind\u00edgena de derechos humanos Maura Mendoza Acevedo.&nbsp;<\/p>\n\n\n\n<p>La diputada local por Morena, Magaly L\u00f3pez Dom\u00ednguez,quien pidi\u00f3 que se lleve ante la justicia a los autores materiales e intelectuales de los hechos, independientemente de los cargos p\u00fablicos que ostentan.&nbsp;<\/p>\n\n\n\n<p>As\u00ed mismo se pide al titular de la Defensor\u00eda de los Derechos Humanos del Pueblo de Oaxaca, Bernardo Rodr\u00edguez Alamilla, a investigar y resolver a la brevedad los agravios contra la defensora ind\u00edgena de derechos humanos, sin tolerar la impunidad de funcionario alguno.&nbsp;<\/p>\n\n\n\n<p>\u201cEs inadmisible que en nuestro estado contin\u00faen impunes los ataques a las y los defensores de derechos humanos\u201d refiri\u00f3 en tribuna la legisladora quien record\u00f3 que la agresi\u00f3n se registr\u00f3 el pasado 22 de septiembre en la comunidad de R\u00edo Chiquito, perteneciente al municipio de Santiago Jocotepec, en la regi\u00f3n de la Cuenca, luego de instalar una cocina comunitaria para atender a la poblaci\u00f3n afectadas por las lluvias recientes.<\/p>\n\n\n\n<p>Hostigamiento, amenazas e incluso la privaci\u00f3n de libertan fueron parte de los agravios que tuvo que enfrentar Maura, por lo cual se pronunciaron las mismas habitantes de la comunidad en defensa de la lideresa cuyo \u00fanico \u201cdelito\u201d fue buscar ayuda para las personas damnificadas.\u00a0<\/p>\n\n\n\n<figure class=\"wp-block-embed-twitter wp-block-embed is-type-rich is-provider-twitter\"><div class=\"wp-block-embed__wrapper\">\n<div class=\"twitter-tweet\"><blockquote class=\"twitter-tweet\" data-lang=\"es\"><p lang=\"es\" dir=\"ltr\">En la sesi\u00f3n del <a href=\"https:\/\/twitter.com\/CongresoOaxLXIV?ref_src=twsrc%5Etfw\">@CongresoOaxLXIV<\/a> de ayer, la diputada <a href=\"https:\/\/twitter.com\/Magaly_LopezOax?ref_src=twsrc%5Etfw\">@Magaly_LopezOax<\/a> exigi\u00f3 a la <a href=\"https:\/\/twitter.com\/FISCALIA_GobOax?ref_src=twsrc%5Etfw\">@FISCALIA_GobOax<\/a> y a la <a href=\"https:\/\/twitter.com\/DDHPO?ref_src=twsrc%5Etfw\">@DDHPO<\/a> indagar la retenci\u00f3n y amenazas a la defensora Maura Mendoza Acevedo, en la agencia de R\u00edo Chiquito, Santiago Jocotepec, <a href=\"https:\/\/twitter.com\/hashtag\/Oaxaca?src=hash&amp;ref_src=twsrc%5Etfw\">#Oaxaca<\/a>. <a href=\"https:\/\/t.co\/oA7LjyAvu5\">pic.twitter.com\/oA7LjyAvu5<\/a><\/p>&mdash; Zona Roja Oaxaca (@MexRoja) <a href=\"https:\/\/twitter.com\/MexRoja\/status\/1311859632063700993?ref_src=twsrc%5Etfw\">2 de octubre de 2020<\/a><\/blockquote><\/div>\n<\/div><\/figure>\n\n\n\n<p>Los actos violentos fueron encabezados por las autoridades de la agencia municipal, lo cual agrava los hechos al tratarse de una agresi\u00f3n por parte de quienes ostentan el poder en la localidad, raz\u00f3n por la que pidi\u00f3 la intervenci\u00f3n urgente por parte de la Fiscal\u00eda General.&nbsp;<\/p>\n\n\n\n<p>\u201cLa defensora ind\u00edgena fue v\u00edctima de una serie de agravio que pueden configurarse como delitos y deben ser sancionados por las autoridades, la violencia de g\u00e9nero y en contra de lideresas sociales no debe permitirse en la entidad\u201d, manifest\u00f3.&nbsp;<\/p>\n\n\n\n<p>As\u00ed mismo, insisti\u00f3 en dejar atr\u00e1s la impunidad, por lo que pidi\u00f3 al fiscal, Rub\u00e9n Vasconcelos M\u00e9ndez dar seguimiento a la carpeta de investigaci\u00f3n ya existente y sancionar a quienes resulten responsable, independientemente de los cargos p\u00fablicos que ostenten.&nbsp;<\/p>\n\n\n\n<p>\u201cNo podemos permitir que la violencia en contra de las y los defensoras de derechos humanos permanezca sin castigo, es importante que las autoridades act\u00faan de forma inmediata\u201d, concluy\u00f3.&nbsp;<\/p>\n","protected":false},"excerpt":{"rendered":"<p>Evlin Arag\u00f3n\/Zona Roja. Oaxaca de Ju\u00e1rez, Oax., 2 de octubre de 2020.- El Congreso de&hellip;<\/p>\n","protected":false},"author":2,"featured_media":18310,"comment_status":"closed","ping_status":"open","sticky":false,"template":"","format":"standard","meta":{"_lmt_disableupdate":"","_lmt_disable":"","_jetpack_memberships_contains_paid_content":false,"footnotes":""},"categories":[109,46],"tags":[192],"class_list":["post-18309","post","type-post","status-publish","format-standard","has-post-thumbnail","hentry","category-minuto-a-minuto","category-zona-blanca","tag-diputada-magaly-lopez-dominguez"],"jetpack_featured_media_url":"https:\/\/zonaroja.com.mx\/wp-content\/uploads\/2020\/10\/Magaly-Lopez.jpg","jetpack_sharing_enabled":true,"_links":{"self":[{"href":"https:\/\/zonaroja.com.mx\/index.php?rest_route=\/wp\/v2\/posts\/18309","targetHints":{"allow":["GET"]}}],"collection":[{"href":"https:\/\/zonaroja.com.mx\/index.php?rest_route=\/wp\/v2\/posts"}],"about":[{"href":"https:\/\/zonaroja.com.mx\/index.php?rest_route=\/wp\/v2\/types\/post"}],"author":[{"embeddable":true,"href":"https:\/\/zonaroja.com.mx\/index.php?rest_route=\/wp\/v2\/users\/2"}],"replies":[{"embeddable":true,"href":"https:\/\/zonaroja.com.mx\/index.php?rest_route=%2Fwp%2Fv2%2Fcomments&post=18309"}],"version-history":[{"count":1,"href":"https:\/\/zonaroja.com.mx\/index.php?rest_route=\/wp\/v2\/posts\/18309\/revisions"}],"predecessor-version":[{"id":18311,"href":"https:\/\/zonaroja.com.mx\/index.php?rest_route=\/wp\/v2\/posts\/18309\/revisions\/18311"}],"wp:featuredmedia":[{"embeddable":true,"href":"https:\/\/zonaroja.com.mx\/index.php?rest_route=\/wp\/v2\/media\/18310"}],"wp:attachment":[{"href":"https:\/\/zonaroja.com.mx\/index.php?rest_route=%2Fwp%2Fv2%2Fmedia&parent=18309"}],"wp:term":[{"taxonomy":"category","embeddable":true,"href":"https:\/\/zonaroja.com.mx\/index.php?rest_route=%2Fwp%2Fv2%2Fcategories&post=18309"},{"taxonomy":"post_tag","embeddable":true,"href":"https:\/\/zonaroja.com.mx\/index.php?rest_route=%2Fwp%2Fv2%2Ftags&post=18309"}],"curies":[{"name":"wp","href":"https:\/\/api.w.org\/{rel}","templated":true}]}}