{"id":18315,"date":"2020-10-02T20:55:58","date_gmt":"2020-10-03T01:55:58","guid":{"rendered":"http:\/\/www.zonaroja.com.mx\/?p=18315"},"modified":"2020-10-02T20:56:04","modified_gmt":"2020-10-03T01:56:04","slug":"pide-ddhpo-permanezca-mecanismo-de-proteccion-de-personas-defensoras-y-periodistas","status":"publish","type":"post","link":"https:\/\/zonaroja.com.mx\/?p=18315","title":{"rendered":"Pide DDHPO permanezca Mecanismo de Protecci\u00f3n de Personas Defensoras y Periodistas"},"content":{"rendered":"\n<p>Redacci\u00f3n\/Zona Roja.<\/p>\n\n\n\n<p>Oaxaca de Ju\u00e1rez, Oax., 2 de octubre de 2020.- La Defensor\u00eda de los Derechos Humanos del Pueblo de Oaxaca (DDHPO) se pronunci\u00f3 por la permanencia y mejoramiento del Mecanismo de Protecci\u00f3n para Personas Defensoras de Derechos Humanos y Periodistas, atendiendo las recomendaciones efectuadas por la Organizaci\u00f3n de las Naciones Unidas (ONU).<\/p>\n\n\n\n<p>Ante el proyecto de la C\u00e1mara de Diputados de desaparecer 109 Fideicomisos, entre ellos el que permite el funcionamiento del Mecanismo de Protecci\u00f3n, el organismo aut\u00f3nomo hizo un llamado al Poder Legislativo a fortalecer la operatividad de esta estrategia creada para atender casos de personas defensoras y periodistas que se encuentran en riesgo.<\/p>\n\n\n\n<p>Las personas incorporadas son altamente vulnerables a sufrir violaciones a derechos de imposible reparaci\u00f3n precisamente por su activismo o defensa de pueblos, comunidades, personas, o medio ambiente, as\u00ed como por el ejercicio fundamental de informar, indic\u00f3 en un comunicado.<\/p>\n\n\n\n<p>Ante el hostigamiento, agresiones y amenazas, algunos defensores y defensoras, as\u00ed como comunicadores han tenido que dejar sus lugares de origen y residencia, por lo que se encuentran en condiciones de desplazamiento forzado y requieren protecci\u00f3n y apoyo.<\/p>\n\n\n\n<p>Frente al compromiso de M\u00e9xico de fortalecer al Mecanismo conforme a las recomendaciones del organismo internacional, su permanencia se constituye en la primera exigencia en el contexto de una criminalidad compleja y con una gran capacidad de poner en peligro y destruir la vida de defensores y periodistas, expuso.<\/p>\n\n\n\n<p>Las personas defensoras buscan promover y proteger los derechos civiles y pol\u00edticos, as\u00ed como lograr la promoci\u00f3n y el disfrute de los derechos econ\u00f3micos, sociales y culturales de una colectividad, de un grupo o de una persona en particular, de ah\u00ed su importancia en una sociedad democr\u00e1tica.<\/p>\n\n\n\n<p>Mientras que, por su parte, las y los comunicadores son fundamentales para las sociedades democr\u00e1ticas, ya que, a trav\u00e9s del ejercicio de obtener y transmitir informaci\u00f3n de trascendencia colectiva, es posible el ejercicio de otros derechos y la toma de decisiones de inter\u00e9s.<\/p>\n\n\n\n<p>Ante ello, en su comunicado, la Defensor\u00eda considera fundamental la protecci\u00f3n de ambos sectores para el ejercicio de los derechos de la sociedad en su conjunto.<\/p>\n\n\n\n<p>De 2015 a 2019, el organismo defensor de derechos humanos inici\u00f3 253 expedientes derivados de quejas y\/o cuadernos de antecedentes relacionados con violaciones a los derechos de periodistas en la entidad<\/p>\n\n\n\n<p>Entre enero y el 21 de septiembre de este 2020, la Defensor\u00eda abri\u00f3 15 expedientes relacionados con agresiones cometidas contra personas defensoras.<\/p>\n\n\n\n<p>Y en lo que corresponde a ataques contra periodistas, entre enero y septiembre de este a\u00f1o, la Defensor\u00eda ha iniciado 15 investigaciones, entre quejas y cuadernos de antecedentes.<\/p>\n\n\n\n<p>Las cifras, hizo notar la DDHPO revelan la problem\u00e1tica existente en la entidad, por lo que la permanencia y fortalecimiento del Mecanismo de Protecci\u00f3n no solo es fundamental, sino indispensable, independientemente de la forma en que se garantice su autonom\u00eda t\u00e9cnica y su capacidad para actuar.<\/p>\n","protected":false},"excerpt":{"rendered":"<p>Redacci\u00f3n\/Zona Roja. Oaxaca de Ju\u00e1rez, Oax., 2 de octubre de 2020.- La Defensor\u00eda de los&hellip;<\/p>\n","protected":false},"author":2,"featured_media":17057,"comment_status":"closed","ping_status":"open","sticky":false,"template":"","format":"standard","meta":{"_lmt_disableupdate":"","_lmt_disable":"","_jetpack_memberships_contains_paid_content":false,"footnotes":""},"categories":[109,46],"tags":[286],"class_list":["post-18315","post","type-post","status-publish","format-standard","has-post-thumbnail","hentry","category-minuto-a-minuto","category-zona-blanca","tag-defensoria-de-los-derechos-humanos-del-pueblo-de-oaxaca"],"jetpack_featured_media_url":"https:\/\/zonaroja.com.mx\/wp-content\/uploads\/2020\/09\/DDHPO-Defensoria.png","jetpack_sharing_enabled":true,"_links":{"self":[{"href":"https:\/\/zonaroja.com.mx\/index.php?rest_route=\/wp\/v2\/posts\/18315","targetHints":{"allow":["GET"]}}],"collection":[{"href":"https:\/\/zonaroja.com.mx\/index.php?rest_route=\/wp\/v2\/posts"}],"about":[{"href":"https:\/\/zonaroja.com.mx\/index.php?rest_route=\/wp\/v2\/types\/post"}],"author":[{"embeddable":true,"href":"https:\/\/zonaroja.com.mx\/index.php?rest_route=\/wp\/v2\/users\/2"}],"replies":[{"embeddable":true,"href":"https:\/\/zonaroja.com.mx\/index.php?rest_route=%2Fwp%2Fv2%2Fcomments&post=18315"}],"version-history":[{"count":1,"href":"https:\/\/zonaroja.com.mx\/index.php?rest_route=\/wp\/v2\/posts\/18315\/revisions"}],"predecessor-version":[{"id":18316,"href":"https:\/\/zonaroja.com.mx\/index.php?rest_route=\/wp\/v2\/posts\/18315\/revisions\/18316"}],"wp:featuredmedia":[{"embeddable":true,"href":"https:\/\/zonaroja.com.mx\/index.php?rest_route=\/wp\/v2\/media\/17057"}],"wp:attachment":[{"href":"https:\/\/zonaroja.com.mx\/index.php?rest_route=%2Fwp%2Fv2%2Fmedia&parent=18315"}],"wp:term":[{"taxonomy":"category","embeddable":true,"href":"https:\/\/zonaroja.com.mx\/index.php?rest_route=%2Fwp%2Fv2%2Fcategories&post=18315"},{"taxonomy":"post_tag","embeddable":true,"href":"https:\/\/zonaroja.com.mx\/index.php?rest_route=%2Fwp%2Fv2%2Ftags&post=18315"}],"curies":[{"name":"wp","href":"https:\/\/api.w.org\/{rel}","templated":true}]}}