{"id":1833,"date":"2019-06-25T14:33:49","date_gmt":"2019-06-25T19:33:49","guid":{"rendered":"http:\/\/www.zonaroja.com.mx\/?p=1833"},"modified":"2019-06-25T14:33:51","modified_gmt":"2019-06-25T19:33:51","slug":"entre-enfrentamiento-dos-muertos-y-10-heridos-cambian-a-titular-de-ssp","status":"publish","type":"post","link":"https:\/\/zonaroja.com.mx\/?p=1833","title":{"rendered":"Entre enfrentamiento, dos muertos y 10 heridos, cambian a titular de SSP"},"content":{"rendered":"\n<p>Evlin Arag\u00f3n<\/p>\n\n\n\n<p>Oaxaca de Ju\u00e1rez,\nOax., 25 de junio de 2019.- Mientras se desataba la violencia en la capital\noaxaque\u00f1a, debido a un en\u00e9simo enfrentamiento entre transportistas que dej\u00f3\ncomo saldo una persona muerta, una decena de heridas y veh\u00edculos quemados, adem\u00e1s\nde un asesinato en Salina Cruz, el gobernador cambi\u00f3 al titular de la\nSecretar\u00eda de Seguridad P\u00fablica. <\/p>\n\n\n\n<p>Minutos\ndespu\u00e9s del fuego cruzado con armas de grueso calibre entre el Sindicato \u201cLibertad\u201d\ny la Confederaci\u00f3n Aut\u00f3noma de Trabajadores y Empleados de M\u00e9xico (CATEM), el\nEjecutivo estatal anunci\u00f3 en conferencia de prensa el reemplazo del marino Jos\u00e9\nRaymundo Tu\u00f1\u00f3n J\u00e1uregui por Ra\u00fal Ernesto Salcedo Rosales.<\/p>\n\n\n\n<p>\u201cEl d\u00eda de\nhoy hemos decidido hacer cambios en materia de seguridad en el Gobierno del\nEstado\u201d dijo el mandatario desde el Palacio de Gobierno ante representantes de\nmedios de comunicaci\u00f3n, en breve conferencia en que no hubo sesi\u00f3n de preguntas\ny respuestas e incluso olvid\u00f3 tomar la protesta de ley al nuevo funcionario, lo\nque posteriormente hizo a puerta cerrada.<\/p>\n\n\n\n<p>Murat\nHinojosa asegur\u00f3 que Ra\u00fal Ernesto Salcedo Rosales cuenta con m\u00e1s de 20 a\u00f1os de\nexperiencia en \u00e1reas de inteligencia en el pa\u00eds, fue delegado del Centro de\nInvestigaci\u00f3n en Seguridad Nacional (Cisen) y \u201ctiene la capacidad necesaria\npara realizar las tareas que hoy requiere el estado\u201d.<\/p>\n\n\n\n<p>FORTALECER\nSEGURIDAD<\/p>\n\n\n\n<p>Durante su\nintervenci\u00f3n, Salcedo Rosales se comprometi\u00f3 a fortalecer la Secretar\u00eda de\nSeguridad P\u00fablica en la entidad para alcanzar la paz y tranquilidad que se\nmerece la poblaci\u00f3n oaxaque\u00f1a, \u201crealizaremos todas las acciones necesarias para\nque haya orden y seguridad en la entidad\u201d, dijo.<\/p>\n\n\n\n<figure class=\"wp-block-image\"><img decoding=\"async\" width=\"1024\" height=\"682\" src=\"http:\/\/www.zonaroja.com.mx\/wp-content\/uploads\/2019\/06\/AMH-3-1024x682.jpg\" alt=\"\" class=\"wp-image-1834\" srcset=\"https:\/\/zonaroja.com.mx\/wp-content\/uploads\/2019\/06\/AMH-3-1024x682.jpg 1024w, https:\/\/zonaroja.com.mx\/wp-content\/uploads\/2019\/06\/AMH-3-300x200.jpg 300w, https:\/\/zonaroja.com.mx\/wp-content\/uploads\/2019\/06\/AMH-3-768x512.jpg 768w, https:\/\/zonaroja.com.mx\/wp-content\/uploads\/2019\/06\/AMH-3-1170x780.jpg 1170w, https:\/\/zonaroja.com.mx\/wp-content\/uploads\/2019\/06\/AMH-3-585x390.jpg 585w, https:\/\/zonaroja.com.mx\/wp-content\/uploads\/2019\/06\/AMH-3-263x175.jpg 263w, https:\/\/zonaroja.com.mx\/wp-content\/uploads\/2019\/06\/AMH-3.jpg 1280w\" sizes=\"(max-width: 1024px) 100vw, 1024px\" \/><\/figure>\n\n\n\n<p>Asimismo,\nindic\u00f3 que pondr\u00e1 \u00e9nfasis en la prevenci\u00f3n del delito y el combate a la\ndelincuencia mediante la coordinaci\u00f3n las autoridades federales a fin de\nconsolidar la reconstrucci\u00f3n del tejido social. \u201cEs responsabilidad de todos\ndisminuir los \u00edndices delictivos y fortalecer la seguridad ciudadana en todos\nlos \u00e1mbitos\u201d, concluy\u00f3<\/p>\n\n\n\n<p>Mientras que\nJos\u00e9 Raymundo Tu\u00f1\u00f3n Jauregui, quien hasta hace unas horas estuviera al frente\nde la SSPO, agradeci\u00f3 la oportunidad y dio a conocer que se integra al grupo de\nasesores del gobierno estatal.<\/p>\n\n\n\n<p>El cambio de estafeta se da en medio de un notable incremento de violencia en la entidad; tan s\u00f3lo el domingo pasado este medio informativo registr\u00f3 tres personas asesinadas, dos en la Cuenca y una en el Istmo de Tehuantepec, mientras que dos polic\u00edas municipales fueron atacados a balazos, adem\u00e1s del robo violento de un taxi.<\/p>\n\n\n\n<figure class=\"wp-block-embed-twitter wp-block-embed is-type-rich is-provider-twitter\"><div class=\"wp-block-embed__wrapper\">\n<div class=\"twitter-tweet\"><blockquote class=\"twitter-tweet\" data-lang=\"es\"><p lang=\"es\" dir=\"ltr\"><a href=\"https:\/\/twitter.com\/hashtag\/ENVIVO?src=hash&amp;ref_src=twsrc%5Etfw\">#ENVIVO<\/a><br>Ciudad de Oaxaca. <br>Desde el Palacio de Gobierno, conferencia de prensa del gobernador Alejandro Murat Hinojosa, quien realiza anuncios importantes. Anuncia nuevo titular de la <a href=\"https:\/\/twitter.com\/SSP_GobOax?ref_src=twsrc%5Etfw\">@SSP_GobOax<\/a>, Ra\u00fal Ernesto Salcedo Rosales. <a href=\"https:\/\/t.co\/Qwf7o8Za9A\">https:\/\/t.co\/Qwf7o8Za9A<\/a> <a href=\"https:\/\/t.co\/QOXIiB6FRY\">pic.twitter.com\/QOXIiB6FRY<\/a><\/p>&mdash; Zona Roja Oaxaca (@MexRoja) <a href=\"https:\/\/twitter.com\/MexRoja\/status\/1143537803139211265?ref_src=twsrc%5Etfw\">25 de junio de 2019<\/a><\/blockquote><\/div>\n<\/div><\/figure>\n\n\n\n<p>ESP\u00cdA DE\nCARRERA<\/p>\n\n\n\n<p>Salcedo\nRosales es licenciado en Derecho por la Universidad Aut\u00f3noma de Nayarit (UAN),\nadem\u00e1s de contar con la formaci\u00f3n en alta Direcci\u00f3n para la atenci\u00f3n de riesgos\nregionales de los mandos de instituciones de seguridad de Centroam\u00e9rica, El\nCaribe y M\u00e9xico, por el Fondo Mixto de Cooperaci\u00f3n T\u00e9cnica y Cient\u00edfica\nM\u00e9xico-Espa\u00f1a.<\/p>\n\n\n\n<p>Ha sido\nsubdelegado general del Cisen en Jalisco, as\u00ed como en la Delegaci\u00f3n\nMetropolitana de la Ciudad de M\u00e9xico; comisionado a la Direcci\u00f3n de\nInvestigaci\u00f3n en Oficinas Centrales del Cisen, delegado estatal del Centro de\nInvestigaci\u00f3n y Seguridad Nacional en Zacatecas, y&nbsp; jefe de Estaci\u00f3n del Centro Nacional de\nInteligencia en Oaxaca.<\/p>\n","protected":false},"excerpt":{"rendered":"<p>Evlin Arag\u00f3n Oaxaca de Ju\u00e1rez, Oax., 25 de junio de 2019.- Mientras se desataba la&hellip;<\/p>\n","protected":false},"author":2,"featured_media":1835,"comment_status":"closed","ping_status":"open","sticky":false,"template":"","format":"standard","meta":{"_lmt_disableupdate":"","_lmt_disable":"","_jetpack_memberships_contains_paid_content":false,"footnotes":""},"categories":[109,51],"tags":[232,231,75],"class_list":["post-1833","post","type-post","status-publish","format-standard","has-post-thumbnail","hentry","category-minuto-a-minuto","category-zona-roja","tag-jose-raymundo-tunom-jauregui","tag-raul-ernesto-salcedo-rosales","tag-violencia"],"jetpack_featured_media_url":"https:\/\/zonaroja.com.mx\/wp-content\/uploads\/2019\/06\/IMG_3021.jpg","jetpack_sharing_enabled":true,"_links":{"self":[{"href":"https:\/\/zonaroja.com.mx\/index.php?rest_route=\/wp\/v2\/posts\/1833","targetHints":{"allow":["GET"]}}],"collection":[{"href":"https:\/\/zonaroja.com.mx\/index.php?rest_route=\/wp\/v2\/posts"}],"about":[{"href":"https:\/\/zonaroja.com.mx\/index.php?rest_route=\/wp\/v2\/types\/post"}],"author":[{"embeddable":true,"href":"https:\/\/zonaroja.com.mx\/index.php?rest_route=\/wp\/v2\/users\/2"}],"replies":[{"embeddable":true,"href":"https:\/\/zonaroja.com.mx\/index.php?rest_route=%2Fwp%2Fv2%2Fcomments&post=1833"}],"version-history":[{"count":1,"href":"https:\/\/zonaroja.com.mx\/index.php?rest_route=\/wp\/v2\/posts\/1833\/revisions"}],"predecessor-version":[{"id":1836,"href":"https:\/\/zonaroja.com.mx\/index.php?rest_route=\/wp\/v2\/posts\/1833\/revisions\/1836"}],"wp:featuredmedia":[{"embeddable":true,"href":"https:\/\/zonaroja.com.mx\/index.php?rest_route=\/wp\/v2\/media\/1835"}],"wp:attachment":[{"href":"https:\/\/zonaroja.com.mx\/index.php?rest_route=%2Fwp%2Fv2%2Fmedia&parent=1833"}],"wp:term":[{"taxonomy":"category","embeddable":true,"href":"https:\/\/zonaroja.com.mx\/index.php?rest_route=%2Fwp%2Fv2%2Fcategories&post=1833"},{"taxonomy":"post_tag","embeddable":true,"href":"https:\/\/zonaroja.com.mx\/index.php?rest_route=%2Fwp%2Fv2%2Ftags&post=1833"}],"curies":[{"name":"wp","href":"https:\/\/api.w.org\/{rel}","templated":true}]}}