{"id":18330,"date":"2020-10-02T21:20:56","date_gmt":"2020-10-03T02:20:56","guid":{"rendered":"http:\/\/www.zonaroja.com.mx\/?p=18330"},"modified":"2020-10-02T21:21:04","modified_gmt":"2020-10-03T02:21:04","slug":"van-dos-mil-627-trabajadores-del-sector-salud-contagiados-por-covid-en-oaxaca","status":"publish","type":"post","link":"https:\/\/zonaroja.com.mx\/?p=18330","title":{"rendered":"Van dos mil 627 trabajadores del sector salud contagiados por Covid en Oaxaca"},"content":{"rendered":"\n<p>Redacci\u00f3n\/Zona Roja.<\/p>\n\n\n\n<p>Oaxaca de Ju\u00e1rez, Oax., 2 de octubre de 2020.- En lo que va de la epidemia, 17 mil 245 personas han dado positivo a la prueba de Covid-19; sin embargo, 748 se mantienen como casos activos por presentar s\u00edntomas en los \u00faltimos 14 d\u00edas.<\/p>\n\n\n\n<p>De acuerdo con el informe diario epidemiol\u00f3gico de la emergencia sanitaria, la dependencia Servicios de Salud de Oaxaca (SSO) precis\u00f3 que este viernes se sumaron 118 casos nuevos, en 43 municipios.<\/p>\n\n\n\n<p>Principalmente en Oaxaca de Ju\u00e1rez con 40 pacientes, seguido de San Pablo Etla con siete, Tlacolula de Matamoros con seis y Santa Luc\u00eda del Camino con cinco; el resto cuatro, tres, dos y uno.<\/p>\n\n\n\n<p>Se\u00f1al\u00f3 que en las \u00faltimas 24 horas se registraron seis decesos, lo que da un global de mil 460 p\u00e9rdidas fatales que ha dejado la emergencia sanitaria, de los cuales el 39.1% cursaban con diabetes mellitus, 37.7% hipertensi\u00f3n arterial y 25.8 % insuficiencia renal.<\/p>\n\n\n\n<p>Respecto la distribuci\u00f3n geogr\u00e1fica, especific\u00f3 que Valles Centrales contabiliza 11 mil 583 positivos y 704 defunciones, Tuxtepec mil 711 y 244 muertes, Istmo mil 689 y 281 decesos, Mixteca mil 109 y 110 p\u00e9rdidas fatales, Costa 763 y 78 fallecimientos, Sierra 390 y 43 defunciones.<\/p>\n\n\n\n<p>As\u00ed tambi\u00e9n detall\u00f3 que a la fecha suman 15 mil 037 personas recuperadas, siete mil 428 descartados, 903 sospechosos; y este viernes la red hospitalaria en la entidad se encuentra al 34.5% de ocupaci\u00f3n de camas para la atenci\u00f3n especializada de pacientes Covid-19.<\/p>\n\n\n\n<p>Lament\u00f3 que hay un acumulado de dos mil 627 trabajadores de salud que han salido positivos al virus, de estos 798 son m\u00e9dicos, mil 046 son profesionales de enfermer\u00eda y 783 de otros perfiles.<\/p>\n\n\n\n<p>Finalmente, invit\u00f3 a la poblaci\u00f3n a que en esta etapa de regreso a las actividades productivas de acuerdo al sem\u00e1foro epidemiol\u00f3gico color amarillo, se actu\u00e9 de manera ordenada, responsable y con los protocolos establecidos de higiene y protecci\u00f3n, para evitar afectaciones al bienestar de las personas, ya que a\u00fan el virus contin\u00faa circulando en la entidad.<\/p>\n","protected":false},"excerpt":{"rendered":"<p>Redacci\u00f3n\/Zona Roja. Oaxaca de Ju\u00e1rez, Oax., 2 de octubre de 2020.- En lo que va&hellip;<\/p>\n","protected":false},"author":2,"featured_media":18331,"comment_status":"closed","ping_status":"open","sticky":false,"template":"","format":"standard","meta":{"_lmt_disableupdate":"","_lmt_disable":"","_jetpack_memberships_contains_paid_content":false,"footnotes":""},"categories":[109,47],"tags":[1512],"class_list":["post-18330","post","type-post","status-publish","format-standard","has-post-thumbnail","hentry","category-minuto-a-minuto","category-zona-gris","tag-coronavirus-oaxaca"],"jetpack_featured_media_url":"https:\/\/zonaroja.com.mx\/wp-content\/uploads\/2020\/10\/SSO-1-3.jpeg","jetpack_sharing_enabled":true,"_links":{"self":[{"href":"https:\/\/zonaroja.com.mx\/index.php?rest_route=\/wp\/v2\/posts\/18330","targetHints":{"allow":["GET"]}}],"collection":[{"href":"https:\/\/zonaroja.com.mx\/index.php?rest_route=\/wp\/v2\/posts"}],"about":[{"href":"https:\/\/zonaroja.com.mx\/index.php?rest_route=\/wp\/v2\/types\/post"}],"author":[{"embeddable":true,"href":"https:\/\/zonaroja.com.mx\/index.php?rest_route=\/wp\/v2\/users\/2"}],"replies":[{"embeddable":true,"href":"https:\/\/zonaroja.com.mx\/index.php?rest_route=%2Fwp%2Fv2%2Fcomments&post=18330"}],"version-history":[{"count":1,"href":"https:\/\/zonaroja.com.mx\/index.php?rest_route=\/wp\/v2\/posts\/18330\/revisions"}],"predecessor-version":[{"id":18332,"href":"https:\/\/zonaroja.com.mx\/index.php?rest_route=\/wp\/v2\/posts\/18330\/revisions\/18332"}],"wp:featuredmedia":[{"embeddable":true,"href":"https:\/\/zonaroja.com.mx\/index.php?rest_route=\/wp\/v2\/media\/18331"}],"wp:attachment":[{"href":"https:\/\/zonaroja.com.mx\/index.php?rest_route=%2Fwp%2Fv2%2Fmedia&parent=18330"}],"wp:term":[{"taxonomy":"category","embeddable":true,"href":"https:\/\/zonaroja.com.mx\/index.php?rest_route=%2Fwp%2Fv2%2Fcategories&post=18330"},{"taxonomy":"post_tag","embeddable":true,"href":"https:\/\/zonaroja.com.mx\/index.php?rest_route=%2Fwp%2Fv2%2Ftags&post=18330"}],"curies":[{"name":"wp","href":"https:\/\/api.w.org\/{rel}","templated":true}]}}