{"id":18333,"date":"2020-10-02T21:27:36","date_gmt":"2020-10-03T02:27:36","guid":{"rendered":"http:\/\/www.zonaroja.com.mx\/?p=18333"},"modified":"2020-10-02T21:27:39","modified_gmt":"2020-10-03T02:27:39","slug":"en-pinotepa-nacional-oaxaca-un-asesinado-y-un-herido-de-bala","status":"publish","type":"post","link":"https:\/\/zonaroja.com.mx\/?p=18333","title":{"rendered":"En Pinotepa Nacional, Oaxaca, un asesinado y un herido de bala"},"content":{"rendered":"\n<p>Redacci\u00f3n\/Zona Roja.<\/p>\n\n\n\n<p>Oaxaca de Ju\u00e1rez, Oax., 2 de octubre de 2020.- Una persona asesinada y otra lesionada por disparos de arma de fuego, es el saldo de dos agresiones armadas registradas este viernes en Santiago Pinotepa Nacional, Oaxaca.<\/p>\n\n\n\n<p>En la calle 4 Oriente se suscit\u00f3 un primer ataque, en que fue ultimado a balazos un individuo identificado de manera preliminar como Bonifacio, de aproximadamente 65 a\u00f1os de edad; hasta el momento se desconoce el m\u00f3vil de la agresi\u00f3n.<\/p>\n\n\n\n<p>Mientras que otro hecho delictivo se suscit\u00f3 en la calle 12 Oriente esquina con 14 Norte, del barrio El Dispensario, donde un sujeto fue herido a balazos.<\/p>\n\n\n\n<p>En ambos casos no hay personas detenidas y personal de la Vicefiscal\u00eda Regional del Istmo inici\u00f3 las primeras indagatorias de los casos.<\/p>\n","protected":false},"excerpt":{"rendered":"<p>Redacci\u00f3n\/Zona Roja. Oaxaca de Ju\u00e1rez, Oax., 2 de octubre de 2020.- Una persona asesinada y&hellip;<\/p>\n","protected":false},"author":2,"featured_media":18317,"comment_status":"closed","ping_status":"open","sticky":false,"template":"","format":"standard","meta":{"_lmt_disableupdate":"","_lmt_disable":"","_jetpack_memberships_contains_paid_content":false,"footnotes":""},"categories":[109,51],"tags":[651],"class_list":["post-18333","post","type-post","status-publish","format-standard","has-post-thumbnail","hentry","category-minuto-a-minuto","category-zona-roja","tag-santiago-pinotepa-nacional"],"jetpack_featured_media_url":"https:\/\/zonaroja.com.mx\/wp-content\/uploads\/2020\/10\/Escena-del-crimen5.jpg","jetpack_sharing_enabled":true,"_links":{"self":[{"href":"https:\/\/zonaroja.com.mx\/index.php?rest_route=\/wp\/v2\/posts\/18333","targetHints":{"allow":["GET"]}}],"collection":[{"href":"https:\/\/zonaroja.com.mx\/index.php?rest_route=\/wp\/v2\/posts"}],"about":[{"href":"https:\/\/zonaroja.com.mx\/index.php?rest_route=\/wp\/v2\/types\/post"}],"author":[{"embeddable":true,"href":"https:\/\/zonaroja.com.mx\/index.php?rest_route=\/wp\/v2\/users\/2"}],"replies":[{"embeddable":true,"href":"https:\/\/zonaroja.com.mx\/index.php?rest_route=%2Fwp%2Fv2%2Fcomments&post=18333"}],"version-history":[{"count":1,"href":"https:\/\/zonaroja.com.mx\/index.php?rest_route=\/wp\/v2\/posts\/18333\/revisions"}],"predecessor-version":[{"id":18334,"href":"https:\/\/zonaroja.com.mx\/index.php?rest_route=\/wp\/v2\/posts\/18333\/revisions\/18334"}],"wp:featuredmedia":[{"embeddable":true,"href":"https:\/\/zonaroja.com.mx\/index.php?rest_route=\/wp\/v2\/media\/18317"}],"wp:attachment":[{"href":"https:\/\/zonaroja.com.mx\/index.php?rest_route=%2Fwp%2Fv2%2Fmedia&parent=18333"}],"wp:term":[{"taxonomy":"category","embeddable":true,"href":"https:\/\/zonaroja.com.mx\/index.php?rest_route=%2Fwp%2Fv2%2Fcategories&post=18333"},{"taxonomy":"post_tag","embeddable":true,"href":"https:\/\/zonaroja.com.mx\/index.php?rest_route=%2Fwp%2Fv2%2Ftags&post=18333"}],"curies":[{"name":"wp","href":"https:\/\/api.w.org\/{rel}","templated":true}]}}