{"id":18338,"date":"2020-10-03T08:06:17","date_gmt":"2020-10-03T13:06:17","guid":{"rendered":"http:\/\/www.zonaroja.com.mx\/?p=18338"},"modified":"2020-10-03T08:06:21","modified_gmt":"2020-10-03T13:06:21","slug":"alertan-segunda-ola-mas-fuerte-de-covid-en-17-entidades-de-mexico","status":"publish","type":"post","link":"https:\/\/zonaroja.com.mx\/?p=18338","title":{"rendered":"Alertan segunda ola m\u00e1s fuerte de Covid en 17 entidades de M\u00e9xico"},"content":{"rendered":"\n<p>Redacci\u00f3n\/Zona Roja Cdmx.<\/p>\n\n\n\n<p>Ciudad de M\u00e9xico, 3 de octubre de 2020.- Los casos por Covid-19 en M\u00e9xico podr\u00edan aumentar r\u00e1pidamente en los primeros d\u00edas de octubre hasta convertirse en el inicio de una segunda ola de contagios, que para noviembre, superar\u00eda el pico anterior de enfermos diarios a causa del nuevo coronavirus, de acuerdo con el Instituto para la M\u00e9trica y Evaluaci\u00f3n de la Salud de Estados Unidos (IHME).<\/p>\n\n\n\n<p>En la proyecci\u00f3n actual, el pico de casos diarios de esta nueva ola se alcanzar\u00eda el 16 de diciembre con 248 mil 774 contagiados por Covid-19 en 24 horas; cabe destacar que este modelo no registra \u00fanicamente los enfermos graves, sino que toma en cuenta a todos los asintom\u00e1ticos y pacientes leves, quienes representan en promedio el 80% del total de la epidemia y que no son considerados dentro de los datos oficiales.<\/p>\n\n\n\n<p>La segunda ola de contagios por Covid-19 en M\u00e9xico parece inminente, seg\u00fan el IHME, cuyas proyecciones indican que adem\u00e1s del aumento a nivel nacional, este rebrote podr\u00eda suceder en la mayor\u00eda de los estados con un panorama m\u00e1s cr\u00edtico al que enfrentaron en los inicios de la pandemia.<\/p>\n\n\n\n<p>Seg\u00fan las proyecciones de la instituci\u00f3n dependiente de la Universidad de Washington, 17 entidades federativas rebasar\u00e1n el pico de contagios diarios que registraron durante la primera ola de la pandemia en el pa\u00eds, mientras que otros cinco tendr\u00e1n aumentos, aunque las curvas epidemiol\u00f3gicas estimadas para estas \u00faltimas localidades no ser\u00e1n m\u00e1s pronunciadas que las reportadas entre mayo y agosto de este a\u00f1o.<\/p>\n\n\n\n<p>Otras diez entidades tendr\u00e1n curvas inferiores a las de la primera ola, entre ellas Chiapas y Campeche, \u00fanicas entidades en las que no se proyecta ning\u00fan tipo de aumento en los casos diarios tras marcar una tendencia fija a la baja desde el \u00fanico pico reportado en ambos estados y que se coloca entre junio y julio respectivamente. Seg\u00fan el modelo del IHME ambas localidades cerrar\u00e1n el a\u00f1o con el menor n\u00famero de contagios registrados cada 24 horas en todo el pa\u00eds.<\/p>\n\n\n\n<p>El modelo del IHME tambi\u00e9n destaca que Jalisco y Michoac\u00e1n no han abandonado su primera ola de contagios, ya que despu\u00e9s del aumento inicial se mantuvieron en una meseta de casos que no ha descendido desde junio, y que comenz\u00f3 a incrementarse entre los primeros d\u00edas de octubre con una proyecci\u00f3n que alcanzar\u00e1 su pico hasta mediados de diciembre.<\/p>\n\n\n\n<p>Aguascalientes, por otro parte, tiene una situaci\u00f3n particular, ya que al igual que Jalisco y Michoac\u00e1n, no ha salido de la primera ola de contagios, pero el aumento en su curva epidemiol\u00f3gica de casos diarios comenz\u00f3 el 25 de junio con mil 660 registros, y termin\u00f3 el 22 de septiembre con 4 mil 109 enfermos cada 24 horas.<\/p>\n\n\n\n<p>Sin embargo, esta cifra no represent\u00f3 un pico dentro de la curva, sino la entrada a una meseta prolongada que se contrapone al comportamiento del resto de los estados del pa\u00eds, y que comenzar\u00e1 a descender a partir de la primera semana de diciembre con un estimado de 3 mil 722 casos hasta alcanzar una reducci\u00f3n del 20 por ciento para finales de a\u00f1o.<\/p>\n\n\n\n<p>La mayor\u00eda de estados con una primera ola m\u00e1s agresiva o picos m\u00e1s marcados, son los que tambi\u00e9n podr\u00e1n afrontar el rebrote en mejores condiciones y sin superar el n\u00famero de casos diarios que registraron entre junio y agosto, periodo en el que la pandemia por Covid-19 se intensific\u00f3 en todo el pa\u00eds.<\/p>\n\n\n\n<p>(Informaci\u00f3n del portal informativo \u201cEje Central\u201d)<\/p>\n","protected":false},"excerpt":{"rendered":"<p>Redacci\u00f3n\/Zona Roja Cdmx. Ciudad de M\u00e9xico, 3 de octubre de 2020.- Los casos por Covid-19&hellip;<\/p>\n","protected":false},"author":2,"featured_media":14640,"comment_status":"closed","ping_status":"open","sticky":false,"template":"","format":"standard","meta":{"_lmt_disableupdate":"","_lmt_disable":"","_jetpack_memberships_contains_paid_content":false,"footnotes":""},"categories":[109,47],"tags":[1328],"class_list":["post-18338","post","type-post","status-publish","format-standard","has-post-thumbnail","hentry","category-minuto-a-minuto","category-zona-gris","tag-coronavirus-mexico"],"jetpack_featured_media_url":"https:\/\/zonaroja.com.mx\/wp-content\/uploads\/2020\/07\/Coronavirus-reclusorios.jpeg","jetpack_sharing_enabled":true,"_links":{"self":[{"href":"https:\/\/zonaroja.com.mx\/index.php?rest_route=\/wp\/v2\/posts\/18338","targetHints":{"allow":["GET"]}}],"collection":[{"href":"https:\/\/zonaroja.com.mx\/index.php?rest_route=\/wp\/v2\/posts"}],"about":[{"href":"https:\/\/zonaroja.com.mx\/index.php?rest_route=\/wp\/v2\/types\/post"}],"author":[{"embeddable":true,"href":"https:\/\/zonaroja.com.mx\/index.php?rest_route=\/wp\/v2\/users\/2"}],"replies":[{"embeddable":true,"href":"https:\/\/zonaroja.com.mx\/index.php?rest_route=%2Fwp%2Fv2%2Fcomments&post=18338"}],"version-history":[{"count":1,"href":"https:\/\/zonaroja.com.mx\/index.php?rest_route=\/wp\/v2\/posts\/18338\/revisions"}],"predecessor-version":[{"id":18339,"href":"https:\/\/zonaroja.com.mx\/index.php?rest_route=\/wp\/v2\/posts\/18338\/revisions\/18339"}],"wp:featuredmedia":[{"embeddable":true,"href":"https:\/\/zonaroja.com.mx\/index.php?rest_route=\/wp\/v2\/media\/14640"}],"wp:attachment":[{"href":"https:\/\/zonaroja.com.mx\/index.php?rest_route=%2Fwp%2Fv2%2Fmedia&parent=18338"}],"wp:term":[{"taxonomy":"category","embeddable":true,"href":"https:\/\/zonaroja.com.mx\/index.php?rest_route=%2Fwp%2Fv2%2Fcategories&post=18338"},{"taxonomy":"post_tag","embeddable":true,"href":"https:\/\/zonaroja.com.mx\/index.php?rest_route=%2Fwp%2Fv2%2Ftags&post=18338"}],"curies":[{"name":"wp","href":"https:\/\/api.w.org\/{rel}","templated":true}]}}