{"id":18344,"date":"2020-10-03T12:02:10","date_gmt":"2020-10-03T17:02:10","guid":{"rendered":"https:\/\/www.zonaroja.com.mx\/?p=18344"},"modified":"2020-10-03T13:23:14","modified_gmt":"2020-10-03T18:23:14","slug":"el-cerro-del-creston-no-se-vende-advierten-vecinos-de-la-zona-y-ambientalistas","status":"publish","type":"post","link":"https:\/\/zonaroja.com.mx\/?p=18344","title":{"rendered":"\u201cEl cerro del \u2018Crest\u00f3n\u2019 no se vende\u201d, advierten vecinos de la zona y ambientalistas"},"content":{"rendered":"\n<p class=\"MsoNormal\">Evlin Arag\u00f3n\/Zona Roja. <\/p>\n\n\n\n<p class=\"MsoNormal\">Oaxaca de Ju\u00e1rez, Oax.. 3 de octubre de 2020.- De la mano de un enorme letrero con la leyenda \u201cNo se vende\u201d, decenas de personas se concentraron esta ma\u00f1ana en inmediaciones del cerro del \u201cCrest\u00f3n\u201d, a fin de mostrar su oposici\u00f3n a la idea de fraccionar la zona para la construcci\u00f3n de viviendas y exigir el rescate del \u00e1rea verde. <\/p>\n\n\n\n<p class=\"MsoNormal\">Agrupados en el Consejo por la Defensa del Cerro del \u201cCrest\u00f3n\u201d, de reciente creaci\u00f3n, denunciaron la gravedad que representa la destrucci\u00f3n de una parte del cerro, pese a que se trata de los pocos pulmones que le quedan a la ciudad, por lo exigieron la redefinici\u00f3n del \u00e1rea protegida, as\u00ed como su buen manejo y conservaci\u00f3n.  <\/p>\n\n\n\n<p class=\"MsoNormal\">Por lo anterior, advirtieron que de forma organizada las y los vecinos iniciaran con la vigilancia de la zona para evitar que trabajos de construcci\u00f3n, no autorizados ni consensuados con la poblaci\u00f3n, se lleven a cabo en perjuicio del medio ambiente y de toda la sociedad en general.   <\/p>\n\n\n\n<p class=\"MsoNormal\">\u201cNosotros estamos en una lucha, lo que queremos es que se actualicen los l\u00edmites del \u00e1rea natural, que se respete el \u00e1rea verde. Incluso hay una especie de reten para impedir el paso de veh\u00edculos con materiales para la construcci\u00f3n\u201d, dijo Gerardo Aldeco.\u00a0<\/p>\n\n\n\n<figure class=\"wp-block-embed-twitter wp-block-embed is-type-rich is-provider-twitter\"><div class=\"wp-block-embed__wrapper\">\n<div class=\"twitter-tweet\"><blockquote class=\"twitter-tweet\" data-lang=\"es\"><p lang=\"es\" dir=\"ltr\"><a href=\"https:\/\/twitter.com\/hashtag\/ENVIVO?src=hash&amp;ref_src=twsrc%5Etfw\">#ENVIVO<\/a><br>Oaxaca de Ju\u00e1rez, Oax., 3 de octubre de 2020.- Marcha de ambientalistas en la ciudad de Oaxaca para reiterar su rechazo a la venta de un predio en el cerro del \u201cCrest\u00f3n\u201d. <br><br>Aqu\u00ed la transmisi\u00f3n: <br>\ud83d\udc47<a href=\"https:\/\/t.co\/j2pSUUFUKZ\">https:\/\/t.co\/j2pSUUFUKZ<\/a> <a href=\"https:\/\/t.co\/V4IPbCS1Ad\">pic.twitter.com\/V4IPbCS1Ad<\/a><\/p>&mdash; Zona Roja Oaxaca (@MexRoja) <a href=\"https:\/\/twitter.com\/MexRoja\/status\/1312417329612025857?ref_src=twsrc%5Etfw\">3 de octubre de 2020<\/a><\/blockquote><\/div>\n<\/div><\/figure>\n\n\n\n<p class=\"MsoNormal\">Mientras que Nasario Garc\u00eda Ram\u00edrez, reconocido ambientalista, celebr\u00f3 la respuesta ciudadana para defender ese espacio, a la par que advirti\u00f3 que en breve se reunir\u00e1 con las autoridades ambientales para exponer la situaci\u00f3n y seguir la ruta institucional para impedir que se cometa un crimen contra la naturaleza.  <\/p>\n\n\n\n<p class=\"MsoNormal\">El grupo de personas se traslad\u00f3 posteriormente a la fuente de la Ocho Regiones, en donde llevaron a cabo una marcha pac\u00edfica rumbo al z\u00f3calo de la ciudad para exigir la creaci\u00f3n de una Fiscal\u00eda de Medio Ambiente y advertir que el edil de Oaxaca de Ju\u00e1rez, Oswaldo Garc\u00eda Jarqu\u00edn, no puede vender lo que no le pertenece.<\/p>\n\n\n\n<figure class=\"wp-block-embed-twitter wp-block-embed is-type-rich is-provider-twitter\"><div class=\"wp-block-embed__wrapper\">\n<div class=\"twitter-tweet\"><blockquote class=\"twitter-tweet\" data-lang=\"es\"><p lang=\"es\" dir=\"ltr\"><a href=\"https:\/\/twitter.com\/hashtag\/%C3%9AltimoMinuto?src=hash&amp;ref_src=twsrc%5Etfw\">#\u00daltimoMinuto<\/a> <br>Al grito de \u201c\u00a1No se vende el \u2018Crest\u00f3n\u2019!\u201d, termin\u00f3 la protesta de ambientalistas y comit\u00e9s de vida vecina en la capital de <a href=\"https:\/\/twitter.com\/hashtag\/Oaxaca?src=hash&amp;ref_src=twsrc%5Etfw\">#Oaxaca<\/a>, para exigir a las autoridades estatales y municipales respeto a los recursos naturales. <a href=\"https:\/\/t.co\/RfUKhoXghx\">pic.twitter.com\/RfUKhoXghx<\/a><\/p>&mdash; Zona Roja Oaxaca (@MexRoja) <a href=\"https:\/\/twitter.com\/MexRoja\/status\/1312435045521477633?ref_src=twsrc%5Etfw\">3 de octubre de 2020<\/a><\/blockquote><\/div>\n<\/div><\/figure>\n\n\n\n<p class=\"MsoNormal\">Se\u00f1alaron que el cerro del \u201cCrest\u00f3n\u201d es patrimonio ambiental de todas y todos los oaxaque\u00f1os, por lo que su venta seria ilegal, as\u00ed mismo detallo que hay t\u00edtulos publicado en el Diario de la Federaci\u00f3n, que obliga al estado a conservar las reservas naturales que incluye la zona en disputa. <\/p>\n\n\n\n<p class=\"MsoNormal\">Por lo que podr\u00edan interponer una denuncia en contra del municipio y quien lo representa, en caso de insistir con la venta para instalar una zona residencial en beneficio de unos cuantos. \u201cNo a la venta del Crest\u00f3n\u201d, gritaron al un\u00edsono.   <\/p>\n\n\n\n<p>La marcha culmin\u00f3 en la explanada de Santo Domingo de Guzm\u00e1n en donde reiteraron que continuar\u00e1n con la defensa pac\u00edfica de los recursos naturales de Oaxaca. <\/p>\n\n\n\n<figure class=\"wp-block-embed-twitter wp-block-embed is-type-rich is-provider-twitter\"><div class=\"wp-block-embed__wrapper\">\n<div class=\"twitter-tweet\"><blockquote class=\"twitter-tweet\" data-lang=\"es\"><p lang=\"es\" dir=\"ltr\"><a href=\"https:\/\/twitter.com\/hashtag\/%C3%9AltimoMinuto?src=hash&amp;ref_src=twsrc%5Etfw\">#\u00daltimoMinuto<\/a> <br>Esta ma\u00f1ana un grupo de ambientalistas protesta en el cerro del \u201cCrest\u00f3n\u201d de la ciudad de <a href=\"https:\/\/twitter.com\/hashtag\/Oaxaca?src=hash&amp;ref_src=twsrc%5Etfw\">#Oaxaca<\/a>, para reiterar su rechazo a la venta de un lote en esa zona; delimitan adem\u00e1s la zona con piedras pintadas con cal. <a href=\"https:\/\/t.co\/1G4sscy80B\">pic.twitter.com\/1G4sscy80B<\/a><\/p>&mdash; Zona Roja Oaxaca (@MexRoja) <a href=\"https:\/\/twitter.com\/MexRoja\/status\/1312395761599107073?ref_src=twsrc%5Etfw\">3 de octubre de 2020<\/a><\/blockquote><\/div>\n<\/div><\/figure>\n","protected":false},"excerpt":{"rendered":"<p>Evlin Arag\u00f3n\/Zona Roja. Oaxaca de Ju\u00e1rez, Oax.. 3 de octubre de 2020.- De la mano&hellip;<\/p>\n","protected":false},"author":2,"featured_media":18343,"comment_status":"closed","ping_status":"open","sticky":false,"template":"","format":"standard","meta":{"_lmt_disableupdate":"","_lmt_disable":"","_jetpack_memberships_contains_paid_content":false,"footnotes":""},"categories":[109,47],"tags":[],"class_list":["post-18344","post","type-post","status-publish","format-standard","has-post-thumbnail","hentry","category-minuto-a-minuto","category-zona-gris"],"jetpack_featured_media_url":"https:\/\/zonaroja.com.mx\/wp-content\/uploads\/2020\/10\/7120de25-f206-4961-8eb6-0ed319222750.jpg","jetpack_sharing_enabled":true,"_links":{"self":[{"href":"https:\/\/zonaroja.com.mx\/index.php?rest_route=\/wp\/v2\/posts\/18344","targetHints":{"allow":["GET"]}}],"collection":[{"href":"https:\/\/zonaroja.com.mx\/index.php?rest_route=\/wp\/v2\/posts"}],"about":[{"href":"https:\/\/zonaroja.com.mx\/index.php?rest_route=\/wp\/v2\/types\/post"}],"author":[{"embeddable":true,"href":"https:\/\/zonaroja.com.mx\/index.php?rest_route=\/wp\/v2\/users\/2"}],"replies":[{"embeddable":true,"href":"https:\/\/zonaroja.com.mx\/index.php?rest_route=%2Fwp%2Fv2%2Fcomments&post=18344"}],"version-history":[{"count":2,"href":"https:\/\/zonaroja.com.mx\/index.php?rest_route=\/wp\/v2\/posts\/18344\/revisions"}],"predecessor-version":[{"id":18346,"href":"https:\/\/zonaroja.com.mx\/index.php?rest_route=\/wp\/v2\/posts\/18344\/revisions\/18346"}],"wp:featuredmedia":[{"embeddable":true,"href":"https:\/\/zonaroja.com.mx\/index.php?rest_route=\/wp\/v2\/media\/18343"}],"wp:attachment":[{"href":"https:\/\/zonaroja.com.mx\/index.php?rest_route=%2Fwp%2Fv2%2Fmedia&parent=18344"}],"wp:term":[{"taxonomy":"category","embeddable":true,"href":"https:\/\/zonaroja.com.mx\/index.php?rest_route=%2Fwp%2Fv2%2Fcategories&post=18344"},{"taxonomy":"post_tag","embeddable":true,"href":"https:\/\/zonaroja.com.mx\/index.php?rest_route=%2Fwp%2Fv2%2Ftags&post=18344"}],"curies":[{"name":"wp","href":"https:\/\/api.w.org\/{rel}","templated":true}]}}