{"id":18347,"date":"2020-10-03T13:38:01","date_gmt":"2020-10-03T18:38:01","guid":{"rendered":"http:\/\/www.zonaroja.com.mx\/?p=18347"},"modified":"2020-10-03T13:38:05","modified_gmt":"2020-10-03T18:38:05","slug":"el-multipremiado-cartonista-dario-castillejos-colabora-en-la-gaceta-el-alacran","status":"publish","type":"post","link":"https:\/\/zonaroja.com.mx\/?p=18347","title":{"rendered":"El multipremiado cartonista Dar\u00edo Castillejos colabora en la gaceta \u201cEl Alacr\u00e1n\u201d"},"content":{"rendered":"\n<p>Redacci\u00f3n\/Zona Roja.<\/p>\n\n\n\n<p>Oaxaca de Ju\u00e1rez, Oax., 3 de octubre de 2020.- Con una ilustraci\u00f3n del tema del agua, &nbsp;el multipremiado caricaturista Dar\u00edo Castillejos colabora en el segundo n\u00famero de la gaceta \u201cEl Alacr\u00e1n\u201d, adem\u00e1s que intervino la portada de esta publicaci\u00f3n gratuita, que ya se est\u00e1 distribuyendo en distintos municipios de Oaxaca.<\/p>\n\n\n\n<p>El primer n\u00famero de dicho ejemplar lleg\u00f3 a m\u00e1s de 30 comunidades del estado y la idea de este proyecto, impulsado por Amigos del IAGO y del Centro Fotogr\u00e1fico \u201cManuel \u00c1lvarez Bravo\u201d A. C., es generar contenidos, no s\u00f3lo digitales sino tambi\u00e9n impresos, para ni\u00f1as y ni\u00f1os.<\/p>\n\n\n\n<p>El cartel desprendible de este segundo n\u00famero es una ilustraci\u00f3n de Castillejos quien en entrevista platic\u00f3 que el tema de la imagen es el agua, ya que buscan generar mayor conciencia en las personas para el cuidado del vital l\u00edquido.<\/p>\n\n\n\n<p>\u201cEs un coraz\u00f3n que late, pero en vez de sangre funciona con agua, en la imagen es el agua la que diversifica la vida en todos los sentidos\u201d, detall\u00f3 el caricaturista.<\/p>\n\n\n\n<p>Mencion\u00f3 que el maestro Francisco Toledo era multifac\u00e9tico, ten\u00eda la posibilidad de participar en distintas iniciativas y abander\u00f3 causas sociales.<\/p>\n\n\n\n<p>\u201cHace unos a\u00f1os me invit\u00f3 a m\u00ed y a Rius a colaborar en el libro \u2018Aguas con el Agua\u2019, que buscaba fomentar el cuidado de este recurso natural y aprovecharlo, este antecedente me dio oportunidad para trabajar en la difusi\u00f3n del cuidado del agua\u201d.<\/p>\n\n\n\n<p>Dar\u00edo destac\u00f3 que el maestro Toledo siempre se caracteriz\u00f3 por llevar proyectos a distintos sectores, \u201csu obra ten\u00eda un impacto social, lo que hac\u00eda llegaba a los sectores donde hay muchas limitaciones y esta publicaci\u00f3n est\u00e1 llegando a distintos lugares ahora\u201d.<\/p>\n\n\n\n<p>Adem\u00e1s de la colaboraci\u00f3n de Dar\u00edo Castillejos, en este n\u00famero se incluyen distintas actividades propuestas por los institutos que fund\u00f3 el artista Francisco Toledo.<\/p>\n\n\n\n<p>Y es que la presente publicaci\u00f3n surgi\u00f3 para llevar a distintas comunidades, que no tienen f\u00e1cil acceso a internet, las din\u00e1micas que se proponen en redes sociales.<\/p>\n\n\n\n<p>La intenci\u00f3n de la gaceta es aprovechar las posibilidades que da la m\u00e1quina risogr\u00e1fica con la que cuentan el Instituto de Artes Gr\u00e1ficas de Oaxaca (IAGO), la cual permite imprimir una publicaci\u00f3n a bajo costo.<\/p>\n\n\n\n<p>Para los interesados en obtener ejemplares de la Gaceta El Alacr\u00e1n pueden solicitarlos al correo: <a href=\"mailto:lamaquinuchaediciones@gmail.com\">lamaquinuchaediciones@gmail.com<\/a>.<\/p>\n","protected":false},"excerpt":{"rendered":"<p>Redacci\u00f3n\/Zona Roja. Oaxaca de Ju\u00e1rez, Oax., 3 de octubre de 2020.- Con una ilustraci\u00f3n del&hellip;<\/p>\n","protected":false},"author":2,"featured_media":18348,"comment_status":"closed","ping_status":"open","sticky":false,"template":"","format":"standard","meta":{"_lmt_disableupdate":"","_lmt_disable":"","_jetpack_memberships_contains_paid_content":false,"footnotes":""},"categories":[109,46],"tags":[791,1454],"class_list":["post-18347","post","type-post","status-publish","format-standard","has-post-thumbnail","hentry","category-minuto-a-minuto","category-zona-blanca","tag-instituto-de-artes-graficas-de-oaxaca","tag-robo-a-caricaturista-dario-castillejos"],"jetpack_featured_media_url":"https:\/\/zonaroja.com.mx\/wp-content\/uploads\/2020\/10\/2020-10-03-09.32.46.jpg","jetpack_sharing_enabled":true,"_links":{"self":[{"href":"https:\/\/zonaroja.com.mx\/index.php?rest_route=\/wp\/v2\/posts\/18347","targetHints":{"allow":["GET"]}}],"collection":[{"href":"https:\/\/zonaroja.com.mx\/index.php?rest_route=\/wp\/v2\/posts"}],"about":[{"href":"https:\/\/zonaroja.com.mx\/index.php?rest_route=\/wp\/v2\/types\/post"}],"author":[{"embeddable":true,"href":"https:\/\/zonaroja.com.mx\/index.php?rest_route=\/wp\/v2\/users\/2"}],"replies":[{"embeddable":true,"href":"https:\/\/zonaroja.com.mx\/index.php?rest_route=%2Fwp%2Fv2%2Fcomments&post=18347"}],"version-history":[{"count":1,"href":"https:\/\/zonaroja.com.mx\/index.php?rest_route=\/wp\/v2\/posts\/18347\/revisions"}],"predecessor-version":[{"id":18349,"href":"https:\/\/zonaroja.com.mx\/index.php?rest_route=\/wp\/v2\/posts\/18347\/revisions\/18349"}],"wp:featuredmedia":[{"embeddable":true,"href":"https:\/\/zonaroja.com.mx\/index.php?rest_route=\/wp\/v2\/media\/18348"}],"wp:attachment":[{"href":"https:\/\/zonaroja.com.mx\/index.php?rest_route=%2Fwp%2Fv2%2Fmedia&parent=18347"}],"wp:term":[{"taxonomy":"category","embeddable":true,"href":"https:\/\/zonaroja.com.mx\/index.php?rest_route=%2Fwp%2Fv2%2Fcategories&post=18347"},{"taxonomy":"post_tag","embeddable":true,"href":"https:\/\/zonaroja.com.mx\/index.php?rest_route=%2Fwp%2Fv2%2Ftags&post=18347"}],"curies":[{"name":"wp","href":"https:\/\/api.w.org\/{rel}","templated":true}]}}