{"id":18350,"date":"2020-10-03T14:17:59","date_gmt":"2020-10-03T19:17:59","guid":{"rendered":"http:\/\/www.zonaroja.com.mx\/?p=18350"},"modified":"2020-10-03T14:20:52","modified_gmt":"2020-10-03T19:20:52","slug":"importante-construir-a-partir-de-la-pluralidad-unidad-y-fortaleza-rector-de-la-uabjo","status":"publish","type":"post","link":"https:\/\/zonaroja.com.mx\/?p=18350","title":{"rendered":"\u201cImportante construir, a partir de la pluralidad, unidad y fortaleza\u201d: rector de la UABJO"},"content":{"rendered":"\n<p>Redacci\u00f3n\/Zona Roja.<\/p>\n\n\n\n<p>Oaxaca de Ju\u00e1rez, Oax., 3 de octubre de 2020.- La Universidad Aut\u00f3noma \u201cBenito Ju\u00e1rez\u201d de Oaxaca (UABJO), realiz\u00f3 un conversatorio con un grupo representativo de estudiantes de distintas licenciaturas sobre el movimiento de 1968, el cual brind\u00f3 aportes importantes a la pluralidad, democratizaci\u00f3n y autonom\u00eda en las Universidades P\u00fablicas de M\u00e9xico.<\/p>\n\n\n\n<p>En esta pl\u00e1tica particip\u00f3 el rector Eduardo Bautista Mart\u00ednez, el director del Instituto de Investigaciones en Humanidades, Francisco Jos\u00e9 Ruiz Cervantes; la directora de la Fundaci\u00f3n UABJO, Martha Mayra Mendoza Solano, y el director de la Facultad de Idiomas, Fernando Rolando Mart\u00ednez S\u00e1nchez.<\/p>\n\n\n\n<p>Durante su intervenci\u00f3n, el rector expres\u00f3 que esta es una fecha que las y los estudiantes deben tener presente, porque \u2013dijo&#8211; \u201cSomos herederos de un movimiento que cost\u00f3 muchas vidas y a partir del cual se abrieron nuevos caminos para construir una sociedad distinta hacia la equidad, la justicia, y la democratizaci\u00f3n en las universidades, ese es uno de sus grandes logros\u201d.<\/p>\n\n\n\n<p>Agreg\u00f3, que la Universidad como instituci\u00f3n educativa, es importante en esta conmemoraci\u00f3n, porque forma ciudadanas y ciudadanos con alto valor human\u00edstico y compromiso social.<\/p>\n\n\n\n<figure class=\"wp-block-embed-twitter wp-block-embed is-type-rich is-provider-twitter\"><div class=\"wp-block-embed__wrapper\">\n<div class=\"twitter-tweet\"><blockquote class=\"twitter-tweet\" data-lang=\"es\"><p lang=\"es\" dir=\"ltr\">Con un conversatorio, en que particip\u00f3 el rector <a href=\"https:\/\/twitter.com\/Bautistaeduardo?ref_src=twsrc%5Etfw\">@BautistaEduardo<\/a>, la <a href=\"https:\/\/twitter.com\/UABJO?ref_src=twsrc%5Etfw\">@UABJO<\/a> conmemor\u00f3 el 52 aniversario de la matanza de estudiantes en Tlatelolco, Ciudad de M\u00e9xico. <a href=\"https:\/\/t.co\/LXym3LTQDw\">pic.twitter.com\/LXym3LTQDw<\/a><\/p>&mdash; Zona Roja Oaxaca (@MexRoja) <a href=\"https:\/\/twitter.com\/MexRoja\/status\/1312468911875481600?ref_src=twsrc%5Etfw\">3 de octubre de 2020<\/a><\/blockquote><\/div>\n<\/div><\/figure>\n\n\n\n<p>Adem\u00e1s de caracterizarse por la pluralidad de sus voces, de sus ideas y por ser un espacio en donde las distintas expresiones tienen cabida, con pleno respeto a las formas de pensar y construir.<\/p>\n\n\n\n<p>\u201cConsidero importante que, a partir de esa pluralidad, como universitarios y universitarias podamos construir una fortaleza, una unidad, teniendo presente los aportes que nos han dejado movimientos de lucha como el que hoy se conmemora\u201d, expuso.<\/p>\n\n\n\n<p>En su turno, el director del Instituto de Investigaciones en Humanidades explic\u00f3 que el movimiento del 68 se dio a trav\u00e9s de una &#8216;fuerza oscura&#8217;, que pretend\u00eda desestabilizar al pa\u00eds en un momento fundamental y de escaparate mundial, que era la organizaci\u00f3n de los juegos ol\u00edmpicos.<\/p>\n\n\n\n<p>En este contexto, la represi\u00f3n a los estudiantes que iba creciendo, con la participaci\u00f3n de las fuerzas armadas, gener\u00f3 un conflicto que no hubiera sucedido sin el autoritarismo gubernamental.<\/p>\n\n\n\n<p>Refiri\u00f3, que los estudiantes ped\u00edan democracia e implementaci\u00f3n de mayores libertades civiles, pol\u00edticas y sociales. Sin embargo, el presidente Gustavo D\u00edaz Ordaz, consideraba que se trataba de una sublevaci\u00f3n comunista y no estaba dispuesto al di\u00e1logo.<\/p>\n\n\n\n<p>Estas fueron algunas de las participaciones que se compartieron con un grupo de estudiantes, quienes intercambiaron opiniones sobre este momento hist\u00f3rico, la identidad universitaria y el impacto en nuestro pa\u00eds.<\/p>\n","protected":false},"excerpt":{"rendered":"<p>Redacci\u00f3n\/Zona Roja. Oaxaca de Ju\u00e1rez, Oax., 3 de octubre de 2020.- La Universidad Aut\u00f3noma \u201cBenito&hellip;<\/p>\n","protected":false},"author":2,"featured_media":18354,"comment_status":"closed","ping_status":"open","sticky":false,"template":"","format":"standard","meta":{"_lmt_disableupdate":"","_lmt_disable":"","_jetpack_memberships_contains_paid_content":false,"footnotes":""},"categories":[109,46],"tags":[360],"class_list":["post-18350","post","type-post","status-publish","format-standard","has-post-thumbnail","hentry","category-minuto-a-minuto","category-zona-blanca","tag-rector-eduardo-bautista-martinez"],"jetpack_featured_media_url":"https:\/\/zonaroja.com.mx\/wp-content\/uploads\/2020\/10\/Conversatorio-rector-UABJO-1.jpg","jetpack_sharing_enabled":true,"_links":{"self":[{"href":"https:\/\/zonaroja.com.mx\/index.php?rest_route=\/wp\/v2\/posts\/18350","targetHints":{"allow":["GET"]}}],"collection":[{"href":"https:\/\/zonaroja.com.mx\/index.php?rest_route=\/wp\/v2\/posts"}],"about":[{"href":"https:\/\/zonaroja.com.mx\/index.php?rest_route=\/wp\/v2\/types\/post"}],"author":[{"embeddable":true,"href":"https:\/\/zonaroja.com.mx\/index.php?rest_route=\/wp\/v2\/users\/2"}],"replies":[{"embeddable":true,"href":"https:\/\/zonaroja.com.mx\/index.php?rest_route=%2Fwp%2Fv2%2Fcomments&post=18350"}],"version-history":[{"count":1,"href":"https:\/\/zonaroja.com.mx\/index.php?rest_route=\/wp\/v2\/posts\/18350\/revisions"}],"predecessor-version":[{"id":18351,"href":"https:\/\/zonaroja.com.mx\/index.php?rest_route=\/wp\/v2\/posts\/18350\/revisions\/18351"}],"wp:featuredmedia":[{"embeddable":true,"href":"https:\/\/zonaroja.com.mx\/index.php?rest_route=\/wp\/v2\/media\/18354"}],"wp:attachment":[{"href":"https:\/\/zonaroja.com.mx\/index.php?rest_route=%2Fwp%2Fv2%2Fmedia&parent=18350"}],"wp:term":[{"taxonomy":"category","embeddable":true,"href":"https:\/\/zonaroja.com.mx\/index.php?rest_route=%2Fwp%2Fv2%2Fcategories&post=18350"},{"taxonomy":"post_tag","embeddable":true,"href":"https:\/\/zonaroja.com.mx\/index.php?rest_route=%2Fwp%2Fv2%2Ftags&post=18350"}],"curies":[{"name":"wp","href":"https:\/\/api.w.org\/{rel}","templated":true}]}}