{"id":18355,"date":"2020-10-03T14:29:12","date_gmt":"2020-10-03T19:29:12","guid":{"rendered":"http:\/\/www.zonaroja.com.mx\/?p=18355"},"modified":"2020-10-03T14:29:16","modified_gmt":"2020-10-03T19:29:16","slug":"pide-legislativo-evitar-descarga-de-aguas-residuales-en-rios-atoyac-y-salado","status":"publish","type":"post","link":"https:\/\/zonaroja.com.mx\/?p=18355","title":{"rendered":"Pide Legislativo evitar descarga de aguas residuales en r\u00edos \u201cAtoyac\u201d y \u201cSalado\u201d"},"content":{"rendered":"\n<p>Evlin Arag\u00f3n\/Zona Roja.<\/p>\n\n\n\n<p>Oaxaca de Ju\u00e1rez, Oax., 3 de octubre de 2020.- Cumplir con lo establecido en la Ley de Aguas Nacionales y la Ley del Equilibrio y Protecci\u00f3n del Equilibrio Ecol\u00f3gico y Protecci\u00f3n al Ambiente, es una necesidad imperiosa en la entidad oaxaque\u00f1a, por lo que al interior del Congreso de Oaxaca se pidi\u00f3 su plena aplicaci\u00f3n.&nbsp;&nbsp;<\/p>\n\n\n\n<p>Ello mediante un exhorto emanado por las comisiones permanentes unidad de Agua y Saneamiento, y de Medio Ambiente, Energ\u00edas Renovables y Cambio Clim\u00e1tico y dirigido a los titulares del organismo de la Cuenca Pac\u00edfico Sur de la Conagua y la Secretar\u00eda del Medio Ambiente, Energ\u00eda y Desarrollo Sustentable del Estado, Miguel \u00c1ngel Mart\u00ednez Cordero y Samuel Gurri\u00f3n Mat\u00edas, respectivamente.&nbsp;<\/p>\n\n\n\n<p>El documento aprobado en el pleno solicita que dentro del \u00e1mbito de sus respectivas competencias, implementen de manera inmediata las pol\u00edticas p\u00fablicas para evitar las descargas de aguas residuales, que dan origen a la contaminaci\u00f3n de los r\u00edos \u201cAtoyac\u201d y \u201cSalado\u201d.<\/p>\n\n\n\n<p>Y es que de acuerdo con los datos emitidos en el exhorto aprobado por el Congreso, en la entidad se reporta un alta contaminaci\u00f3n de tres r\u00edos: \u201cAtoyac, \u201cSalado\u201d y \u201cPapaloapan\u201d, mismos en los que se realizan grandes descargas de aguas residuales de drenaje, tanto industriales como municipales, adem\u00e1s de contar con sus alrededores colmados de basura, lo que genera olores f\u00e9tidos convirti\u00e9ndolos en focos de infecci\u00f3n<\/p>\n\n\n\n<p>As\u00ed lo refiri\u00f3 en junio pasado el grupo parlamentario de Mujeres Independientes, que exhort\u00f3 a la Procuradur\u00eda de Protecci\u00f3n al Ambiente (Profepa) para que de manera coordinada con los municipios aleda\u00f1os a los r\u00edos \u201cAtoyac\u201d y \u201cSalado\u201d implementaran operativos de vigilancia, para evitar que las personas viertan sus desechos s\u00f3lidos o escombros en los cauces de los afluentes.<\/p>\n\n\n\n<p>De igual forma, pidieron consignar a las personas que sean identificadas incurriendo en dichos actos ante las autoridades administrativas correspondientes, para que se le impongan las sanciones respectivas.<\/p>\n\n\n\n<p>Los municipios se\u00f1alados son: San Francisco Telixtlahuaca, San Pablo Huitzo, Santiago Suchilquitongo, San Juan del Estado, Magdalena Apasco, Villa de Etla, Nazareno Etla, Soledad Etla, San Felipe Tejal\u00e1pam, San Lorenzo Cacaotepec, Santa Mar\u00eda Atzompa.&nbsp;<\/p>\n\n\n\n<p>Tambi\u00e9n San Jacinto Amilpas, Oaxaca de Ju\u00e1rez, Santa Cruz Xoxocotl\u00e1n, San Agust\u00edn de las Juntas, \u00c1nimas Trujano, San Bartolo Coyotepec, Villa de Zaachila, La Ci\u00e9nega Zimatl\u00e1n, San Andr\u00e9s Huay\u00e1pam, San Antonio de la Cal y Santa Luc\u00eda del Camino.<\/p>\n","protected":false},"excerpt":{"rendered":"<p>Evlin Arag\u00f3n\/Zona Roja. Oaxaca de Ju\u00e1rez, Oax., 3 de octubre de 2020.- Cumplir con lo&hellip;<\/p>\n","protected":false},"author":2,"featured_media":18356,"comment_status":"closed","ping_status":"open","sticky":false,"template":"","format":"standard","meta":{"_lmt_disableupdate":"","_lmt_disable":"","_jetpack_memberships_contains_paid_content":false,"footnotes":""},"categories":[109,47],"tags":[213],"class_list":["post-18355","post","type-post","status-publish","format-standard","has-post-thumbnail","hentry","category-minuto-a-minuto","category-zona-gris","tag-64-legislatura-de-oaxaca"],"jetpack_featured_media_url":"https:\/\/zonaroja.com.mx\/wp-content\/uploads\/2020\/10\/Rio-Salado-Oaxaca.png","jetpack_sharing_enabled":true,"_links":{"self":[{"href":"https:\/\/zonaroja.com.mx\/index.php?rest_route=\/wp\/v2\/posts\/18355","targetHints":{"allow":["GET"]}}],"collection":[{"href":"https:\/\/zonaroja.com.mx\/index.php?rest_route=\/wp\/v2\/posts"}],"about":[{"href":"https:\/\/zonaroja.com.mx\/index.php?rest_route=\/wp\/v2\/types\/post"}],"author":[{"embeddable":true,"href":"https:\/\/zonaroja.com.mx\/index.php?rest_route=\/wp\/v2\/users\/2"}],"replies":[{"embeddable":true,"href":"https:\/\/zonaroja.com.mx\/index.php?rest_route=%2Fwp%2Fv2%2Fcomments&post=18355"}],"version-history":[{"count":1,"href":"https:\/\/zonaroja.com.mx\/index.php?rest_route=\/wp\/v2\/posts\/18355\/revisions"}],"predecessor-version":[{"id":18357,"href":"https:\/\/zonaroja.com.mx\/index.php?rest_route=\/wp\/v2\/posts\/18355\/revisions\/18357"}],"wp:featuredmedia":[{"embeddable":true,"href":"https:\/\/zonaroja.com.mx\/index.php?rest_route=\/wp\/v2\/media\/18356"}],"wp:attachment":[{"href":"https:\/\/zonaroja.com.mx\/index.php?rest_route=%2Fwp%2Fv2%2Fmedia&parent=18355"}],"wp:term":[{"taxonomy":"category","embeddable":true,"href":"https:\/\/zonaroja.com.mx\/index.php?rest_route=%2Fwp%2Fv2%2Fcategories&post=18355"},{"taxonomy":"post_tag","embeddable":true,"href":"https:\/\/zonaroja.com.mx\/index.php?rest_route=%2Fwp%2Fv2%2Ftags&post=18355"}],"curies":[{"name":"wp","href":"https:\/\/api.w.org\/{rel}","templated":true}]}}