{"id":18361,"date":"2020-10-03T15:14:03","date_gmt":"2020-10-03T20:14:03","guid":{"rendered":"http:\/\/www.zonaroja.com.mx\/?p=18361"},"modified":"2020-10-03T15:14:07","modified_gmt":"2020-10-03T20:14:07","slug":"hasta-el-iaipo-emite-recomendacion-a-oaxaca-de-juarez-sobre-programa-de-bacheo-2020","status":"publish","type":"post","link":"https:\/\/zonaroja.com.mx\/?p=18361","title":{"rendered":"Hasta el IAIPO emite recomendaci\u00f3n a Oaxaca de Ju\u00e1rez sobre programa de bacheo 2020"},"content":{"rendered":"\n<p>Redacci\u00f3n\/Zona Roja.<\/p>\n\n\n\n<p>Oaxaca de Ju\u00e1rez, Oax., 3 de octubre de 2020.- &nbsp;En la d\u00e9cima s\u00e9ptima sesi\u00f3n ordinaria, el Consejo General del Instituto de Acceso a la Informaci\u00f3n P\u00fablica y Protecci\u00f3n de Datos Personales del Estado de Oaxaca (IAIPO) emiti\u00f3 una recomendaci\u00f3n dirigida al ayuntamiento constitucional de Oaxaca de Ju\u00e1rez, para que publique de manera proactiva en todos los medios electr\u00f3nicos de los que disponga, la informaci\u00f3n referente al programa de bacheo 2020.<\/p>\n\n\n\n<p>El comisionado Fernando G\u00f3mez Cuevas, quien propuso la recomendaci\u00f3n 006\/2020, consider\u00f3 que ello es ante asuntos de inter\u00e9s p\u00fablico como es el estado en que se encuentran la gran mayor\u00eda de las vialidades bajo la circunscripci\u00f3n territorial del municipio de Oaxaca de Ju\u00e1rez, y de las diversas declaraciones y un comunicado emitido por la autoridad municipal, en donde se anuncia el mantenimiento a las vialidades de la capital afectadas por el permanente tr\u00e1nsito vehicular y las constantes lluvias, y donde la Direcci\u00f3n de Desarrollo Urbano, Obras P\u00fablicas y Medio Ambiente informa a la ciudadan\u00eda que ha reparado 4,896 metros cuadrados de superficie mediante el Programa de Bacheo 2020, en el periodo agosto-septiembre.<\/p>\n\n\n\n<p>Por ello, plante\u00f3 al Consejo General del IAIPO emitir esta recomendaci\u00f3n dirigida al ayuntamiento de Oaxaca de Ju\u00e1rez, para que publique de manera proactiva en todos los medios electr\u00f3nicos de los que disponga, el programa de bacheo 2020, se\u00f1alando de manera enunciativa, las etapas del programa, las vialidades a reparar, el total de metros cuadrados y la calendarizaci\u00f3n para llevar a cabo tales acciones.<\/p>\n","protected":false},"excerpt":{"rendered":"<p>Redacci\u00f3n\/Zona Roja. Oaxaca de Ju\u00e1rez, Oax., 3 de octubre de 2020.- &nbsp;En la d\u00e9cima s\u00e9ptima&hellip;<\/p>\n","protected":false},"author":2,"featured_media":18362,"comment_status":"closed","ping_status":"open","sticky":false,"template":"","format":"standard","meta":{"_lmt_disableupdate":"","_lmt_disable":"","_jetpack_memberships_contains_paid_content":false,"footnotes":""},"categories":[109,47],"tags":[2071],"class_list":["post-18361","post","type-post","status-publish","format-standard","has-post-thumbnail","hentry","category-minuto-a-minuto","category-zona-gris","tag-nstituto-de-acceso-a-la-informacion-publica-y-proteccion-de-datos-personales-del-estado-de-oaxaca-iaipo"],"jetpack_featured_media_url":"https:\/\/zonaroja.com.mx\/wp-content\/uploads\/2020\/10\/Baches-ciudad-de-Oaxaca.jpg","jetpack_sharing_enabled":true,"_links":{"self":[{"href":"https:\/\/zonaroja.com.mx\/index.php?rest_route=\/wp\/v2\/posts\/18361","targetHints":{"allow":["GET"]}}],"collection":[{"href":"https:\/\/zonaroja.com.mx\/index.php?rest_route=\/wp\/v2\/posts"}],"about":[{"href":"https:\/\/zonaroja.com.mx\/index.php?rest_route=\/wp\/v2\/types\/post"}],"author":[{"embeddable":true,"href":"https:\/\/zonaroja.com.mx\/index.php?rest_route=\/wp\/v2\/users\/2"}],"replies":[{"embeddable":true,"href":"https:\/\/zonaroja.com.mx\/index.php?rest_route=%2Fwp%2Fv2%2Fcomments&post=18361"}],"version-history":[{"count":1,"href":"https:\/\/zonaroja.com.mx\/index.php?rest_route=\/wp\/v2\/posts\/18361\/revisions"}],"predecessor-version":[{"id":18363,"href":"https:\/\/zonaroja.com.mx\/index.php?rest_route=\/wp\/v2\/posts\/18361\/revisions\/18363"}],"wp:featuredmedia":[{"embeddable":true,"href":"https:\/\/zonaroja.com.mx\/index.php?rest_route=\/wp\/v2\/media\/18362"}],"wp:attachment":[{"href":"https:\/\/zonaroja.com.mx\/index.php?rest_route=%2Fwp%2Fv2%2Fmedia&parent=18361"}],"wp:term":[{"taxonomy":"category","embeddable":true,"href":"https:\/\/zonaroja.com.mx\/index.php?rest_route=%2Fwp%2Fv2%2Fcategories&post=18361"},{"taxonomy":"post_tag","embeddable":true,"href":"https:\/\/zonaroja.com.mx\/index.php?rest_route=%2Fwp%2Fv2%2Ftags&post=18361"}],"curies":[{"name":"wp","href":"https:\/\/api.w.org\/{rel}","templated":true}]}}