{"id":18364,"date":"2020-10-03T15:16:21","date_gmt":"2020-10-03T20:16:21","guid":{"rendered":"http:\/\/www.zonaroja.com.mx\/?p=18364"},"modified":"2020-10-03T15:18:31","modified_gmt":"2020-10-03T20:18:31","slug":"trump-presenta-fiebre-y-tos-por-covid-revela-the-new-york-times","status":"publish","type":"post","link":"https:\/\/zonaroja.com.mx\/?p=18364","title":{"rendered":"Trump presenta fiebre y tos por covid, revela \u00abThe New York Times\u00bb"},"content":{"rendered":"\n<p>Redacci\u00f3n\/Zona Roja Cdmx.<\/p>\n\n\n\n<p>Ciudad de M\u00e9xico, 3 de octubre de 2020.- El presidente de Estados Unidos, Donald Trump, tiene fiebre, congesti\u00f3n y tos, dicen personas cercanas a \u00e9l, y se quedar\u00e1 en Hospital Walter Reed durante \u00ablos pr\u00f3ximos d\u00edas\u00bb, public\u00f3 \u201cThe New York Times\u201d.<\/p>\n\n\n\n<p>El presidente no hab\u00eda mostrado signos visibles de dificultad mientras caminaba ayer hacia helic\u00f3ptero Marine One en el c\u00e9sped de la Casa Blanca, vestido con traje azul, corbata y m\u00e1scara.<\/p>\n\n\n\n<p>No hizo ning\u00fan comentario a los reporteros agrupados cerca, pero levant\u00f3 el pulgar. Despu\u00e9s de aterrizar en Walter Reed poco despu\u00e9s de las 6:30 pm, entr\u00f3 en su Suv para el corto viaje desde el lugar de aterrizaje hasta el centro m\u00e9dico.<\/p>\n\n\n\n<p>\u00abEl presidente tiene fiebre baja, congesti\u00f3n nasal y tos\u00bb, seg\u00fan dos personas cercanas a Trump.<\/p>\n\n\n\n<p>No planeaba transferir su autoridad al vicepresidente Mike Pence, seg\u00fan un portavoz de la Casa Blanca, Judd Deere. \u00abEl presidente est\u00e1 a cargo\u00bb, dijo.<\/p>\n\n\n\n<p>El tratamiento que recibi\u00f3 el presidente es un c\u00f3ctel de anticuerpos desarrollado por la empresa de biotecnolog\u00eda Regeneron, seg\u00fan el memorando de su m\u00e9dico, Sean P. Conley.<\/p>\n\n\n\n<p>Trump tambi\u00e9n est\u00e1 tomando vitamina D, zinc, melatonina, una aspirina diaria y famotidina (un anti\u00e1cido m\u00e1s conocido como Pepcid), dec\u00eda el memo.<\/p>\n\n\n\n<p>Este viernes, Donald Trump recibi\u00f3 una dosis de ocho gramos del c\u00f3ctel experimental de anticuerpos de la farmac\u00e9utica Regeneron y complet\u00f3 el tratamiento \u00absin incidentes\u00bb horas despu\u00e9s de haber dado positivo por covid-19, inform\u00f3 su m\u00e9dico en la Casa Blanca, Sean Conley.<\/p>\n\n\n\n<p>Sin embargo, por recomendaciones de su m\u00e9dico fue trasladado a un hospital militar en Maryland por unos d\u00edas para checar su evoluci\u00f3n al coronavirus.<\/p>\n\n\n\n<p>(Informaci\u00f3n del portal informativo \u201cLa Silla Rota\u201d)<\/p>\n","protected":false},"excerpt":{"rendered":"<p>Redacci\u00f3n\/Zona Roja Cdmx. Ciudad de M\u00e9xico, 3 de octubre de 2020.- El presidente de Estados&hellip;<\/p>\n","protected":false},"author":2,"featured_media":18365,"comment_status":"closed","ping_status":"open","sticky":false,"template":"","format":"standard","meta":{"_lmt_disableupdate":"","_lmt_disable":"","_jetpack_memberships_contains_paid_content":false,"footnotes":""},"categories":[109,47],"tags":[2066],"class_list":["post-18364","post","type-post","status-publish","format-standard","has-post-thumbnail","hentry","category-minuto-a-minuto","category-zona-gris","tag-donald-trump-con-covid"],"jetpack_featured_media_url":"https:\/\/zonaroja.com.mx\/wp-content\/uploads\/2020\/10\/Portada-NYT.jpeg","jetpack_sharing_enabled":true,"_links":{"self":[{"href":"https:\/\/zonaroja.com.mx\/index.php?rest_route=\/wp\/v2\/posts\/18364","targetHints":{"allow":["GET"]}}],"collection":[{"href":"https:\/\/zonaroja.com.mx\/index.php?rest_route=\/wp\/v2\/posts"}],"about":[{"href":"https:\/\/zonaroja.com.mx\/index.php?rest_route=\/wp\/v2\/types\/post"}],"author":[{"embeddable":true,"href":"https:\/\/zonaroja.com.mx\/index.php?rest_route=\/wp\/v2\/users\/2"}],"replies":[{"embeddable":true,"href":"https:\/\/zonaroja.com.mx\/index.php?rest_route=%2Fwp%2Fv2%2Fcomments&post=18364"}],"version-history":[{"count":2,"href":"https:\/\/zonaroja.com.mx\/index.php?rest_route=\/wp\/v2\/posts\/18364\/revisions"}],"predecessor-version":[{"id":18367,"href":"https:\/\/zonaroja.com.mx\/index.php?rest_route=\/wp\/v2\/posts\/18364\/revisions\/18367"}],"wp:featuredmedia":[{"embeddable":true,"href":"https:\/\/zonaroja.com.mx\/index.php?rest_route=\/wp\/v2\/media\/18365"}],"wp:attachment":[{"href":"https:\/\/zonaroja.com.mx\/index.php?rest_route=%2Fwp%2Fv2%2Fmedia&parent=18364"}],"wp:term":[{"taxonomy":"category","embeddable":true,"href":"https:\/\/zonaroja.com.mx\/index.php?rest_route=%2Fwp%2Fv2%2Fcategories&post=18364"},{"taxonomy":"post_tag","embeddable":true,"href":"https:\/\/zonaroja.com.mx\/index.php?rest_route=%2Fwp%2Fv2%2Ftags&post=18364"}],"curies":[{"name":"wp","href":"https:\/\/api.w.org\/{rel}","templated":true}]}}