{"id":18368,"date":"2020-10-03T19:15:44","date_gmt":"2020-10-04T00:15:44","guid":{"rendered":"http:\/\/www.zonaroja.com.mx\/?p=18368"},"modified":"2020-10-03T19:15:48","modified_gmt":"2020-10-04T00:15:48","slug":"en-dos-semanas-otras-13-personas-desaparecen-en-oaxaca","status":"publish","type":"post","link":"https:\/\/zonaroja.com.mx\/?p=18368","title":{"rendered":"En dos semanas, otras 13 personas desaparecen en Oaxaca"},"content":{"rendered":"\n<p>Yuridiana Sosa\/Zona Roja.<\/p>\n\n\n\n<p>Oaxaca de Ju\u00e1rez, Oax., 3 de octubre de 2020.- En el transcurso de dos semanas, al menos otras 13 personas se mantienen en calidad de desaparecidas en todo el territorio oaxaque\u00f1o, luego que fueron reportadas ante la Fiscal\u00eda General del Estado de Oaxaca.<\/p>\n\n\n\n<p>Hombres, mujeres adultas y menores de edad, siguen ensanchando la cifra de personas no localizadas en la entidad.<\/p>\n\n\n\n<p>Sin embargo, es mayor la cantidad de reportes por la no localizaci\u00f3n de las f\u00e9minas, quienes suman nueve reportes activos de b\u00fasqueda y cuatro para varones, de acuerdo con la p\u00e1gina oficial de la Unidad de B\u00fasqueda de Personas No Localizadas y Desaparecidas.<\/p>\n\n\n\n<p>Este s\u00e1bado se public\u00f3 la ficha de b\u00fasqueda para Zalma Hamihs Fern\u00e1ndez Manuel, de 19 a\u00f1os, quien fue vista por \u00faltima vez el pasado 1 de octubre afuera del restaurante \u201cFlor y Lu\u201d, en la primera secci\u00f3n, de Asunci\u00f3n Ixtaltepec, en la regi\u00f3n del Istmo.<\/p>\n\n\n\n<p>Al momento de su desaparici\u00f3n la joven vest\u00eda una blusa de manga larga, de rayas, color azul marino y blanco; saco tipo mezclilla, pantal\u00f3n de mezclilla azul, tenis negro con suela color blanco.<\/p>\n\n\n\n<p>La se\u00f1ora Dominga Garc\u00eda Soriano, de 95 a\u00f1os de edad, no ha sido localizada desde el pasado 28 de septiembre que se emiti\u00f3 su reporte, aunque los datos en la ficha de b\u00fasqueda indican que fue vista por \u00faltima vez desde el 8 de septiembre en la Cieneguilla, del municipio de Ejutla de crespo.<\/p>\n\n\n\n<p>El pasado 26 de septiembre se emiti\u00f3 la b\u00fasqueda para Cinthia Itzel Lara Antonio y para su menor hija, Zo\u00e9 Itzel Su\u00e1rez Lara, de 25 y tres a\u00f1os respectivamente. Ellas fueron vistas por \u00faltima vez el d\u00eda 22 de septiembre en la colonia Santa Fe, San Juan Bautista Tuxtepec.<\/p>\n\n\n\n<p>Los familiares de Candy Yedit Garc\u00eda Mijangos de 35 a\u00f1os de edad tambi\u00e9n pidieron la colaboraci\u00f3n de las autoridades para su localizaci\u00f3n, pues desde el pasado 13 de septiembre tuvieron la \u00faltima comunicaci\u00f3n con ella luego de ser vista por \u00faltima vez en la colonia Cuauht\u00e9moc, en la agencia municipal de Santa Rosa, en la capital. Su ficha fue publicada el 25 de septiembre.<\/p>\n\n\n\n<p>El 24 de septiembre se difundi\u00f3 la tarjeta de b\u00fasqueda para Wendy Guadalupe Antonio Cobos, de 17 a\u00f1os, quien fue vista por \u00faltima vez desde el pasado 28 de agosto en el fraccionamiento Villas San Miguel, del municipio de San Juan Bautista Guelache, en los Valles Centrales.<\/p>\n\n\n\n<p>Siguen activas desde hace dos semanas la b\u00fasqueda para Norma Beatriz Gonz\u00e1lez Navarro, de 27 a\u00f1os, de quien se desconoce su ubicaci\u00f3n desde el 17 de septiembre cuando se le vio afuera del supermercado \u201cAurrera\u201d, en el municipio de Villa De Etla.<\/p>\n\n\n\n<p>Anteayer, un cuerpo fue localizado en el fondo de un pozo en Alem\u00e1n, Zautla, sin embargo, a\u00fan no se ha confirmado de que sea de la joven eteca.<\/p>\n\n\n\n<p>As\u00ed tambi\u00e9n, se busca a Ashelly Reyes Vel\u00e1squez, de 27 a\u00f1os, vista por \u00faltima vez el 20 de septiembre en Oaxaca de Ju\u00e1rez, mientras iba en compa\u00f1\u00eda de su menor hija de ocho meses de edad.<\/p>\n\n\n\n<p>TAMBI\u00c9N BUSCAN A ELLOS<\/p>\n\n\n\n<p>Las autoridades emitieron fichas de b\u00fasqueda para Emilio Santos Rafael, de 20 a\u00f1os, visto por \u00faltima vez el 13 de septiembre en el municipio de San Juan Cotzoc\u00f3n Mixe, as\u00ed como para el joven de 22 a\u00f1os, Leopoldo Iv\u00e1n Salazar Enr\u00edquez, de quien se perdi\u00f3 su paradero el 15 de septiembre en el municipio de Loma Bonita.<\/p>\n\n\n\n<p>Alejandro Palacios Hern\u00e1ndez, de 31 a\u00f1os, fue visto por \u00faltima vez el 22 de septiembre en la localidad El Camalotal en San Juan Bautista Tuxtepec, en la Cuenca y Emilio Ignacio Zavala S\u00e1nchez, de 36 a\u00f1os, desapareci\u00f3 desde el d\u00eda 21 de abril en la localidad de Cacahua, en Villa de Tututepec, pero su ficha se public\u00f3 esta el pasado 22 de septiembre.<\/p>\n","protected":false},"excerpt":{"rendered":"<p>Yuridiana Sosa\/Zona Roja. Oaxaca de Ju\u00e1rez, Oax., 3 de octubre de 2020.- En el transcurso&hellip;<\/p>\n","protected":false},"author":2,"featured_media":18369,"comment_status":"closed","ping_status":"open","sticky":false,"template":"","format":"standard","meta":{"_lmt_disableupdate":"","_lmt_disable":"","_jetpack_memberships_contains_paid_content":false,"footnotes":""},"categories":[109,47],"tags":[2072,1222],"class_list":["post-18368","post","type-post","status-publish","format-standard","has-post-thumbnail","hentry","category-minuto-a-minuto","category-zona-gris","tag-personas-desaparecidos-en-oaxaca","tag-unidad-de-personas-desaparecidas-y-no-localizadas"],"jetpack_featured_media_url":"https:\/\/zonaroja.com.mx\/wp-content\/uploads\/2020\/10\/Desaparecidas-Oaxaca.jpg","jetpack_sharing_enabled":true,"_links":{"self":[{"href":"https:\/\/zonaroja.com.mx\/index.php?rest_route=\/wp\/v2\/posts\/18368","targetHints":{"allow":["GET"]}}],"collection":[{"href":"https:\/\/zonaroja.com.mx\/index.php?rest_route=\/wp\/v2\/posts"}],"about":[{"href":"https:\/\/zonaroja.com.mx\/index.php?rest_route=\/wp\/v2\/types\/post"}],"author":[{"embeddable":true,"href":"https:\/\/zonaroja.com.mx\/index.php?rest_route=\/wp\/v2\/users\/2"}],"replies":[{"embeddable":true,"href":"https:\/\/zonaroja.com.mx\/index.php?rest_route=%2Fwp%2Fv2%2Fcomments&post=18368"}],"version-history":[{"count":1,"href":"https:\/\/zonaroja.com.mx\/index.php?rest_route=\/wp\/v2\/posts\/18368\/revisions"}],"predecessor-version":[{"id":18370,"href":"https:\/\/zonaroja.com.mx\/index.php?rest_route=\/wp\/v2\/posts\/18368\/revisions\/18370"}],"wp:featuredmedia":[{"embeddable":true,"href":"https:\/\/zonaroja.com.mx\/index.php?rest_route=\/wp\/v2\/media\/18369"}],"wp:attachment":[{"href":"https:\/\/zonaroja.com.mx\/index.php?rest_route=%2Fwp%2Fv2%2Fmedia&parent=18368"}],"wp:term":[{"taxonomy":"category","embeddable":true,"href":"https:\/\/zonaroja.com.mx\/index.php?rest_route=%2Fwp%2Fv2%2Fcategories&post=18368"},{"taxonomy":"post_tag","embeddable":true,"href":"https:\/\/zonaroja.com.mx\/index.php?rest_route=%2Fwp%2Fv2%2Ftags&post=18368"}],"curies":[{"name":"wp","href":"https:\/\/api.w.org\/{rel}","templated":true}]}}