{"id":18371,"date":"2020-10-03T20:32:00","date_gmt":"2020-10-04T01:32:00","guid":{"rendered":"http:\/\/www.zonaroja.com.mx\/?p=18371"},"modified":"2020-10-03T20:51:16","modified_gmt":"2020-10-04T01:51:16","slug":"exhorta-el-congreso-del-estado-a-sapao-reparar-las-zanjas-en-la-ciudad","status":"publish","type":"post","link":"https:\/\/zonaroja.com.mx\/?p=18371","title":{"rendered":"Exhorta el Congreso del Estado a SAPAO a reparar las zanjas en la ciudad capital"},"content":{"rendered":"\n<p>Evlin Arag\u00f3n\/Zona Roja.<\/p>\n\n\n\n<p>Oaxaca de Ju\u00e1rez, Oax., 3 de octubre de 2020.- Integrantes de la 64 Legislatura exhortaron a la titular de los Servicios de Agua Potable y Alcantarillado de Oaxaca, Laura Vign\u00f3n Carre\u00f1o, para que a la brevedad posible y cumpliendo con sus obligaciones, repare hundimientos, zanjas y socavones causados por obras realizadas por la dependencia en la ciudad.&nbsp;<\/p>\n\n\n\n<p>Lo anterior a iniciativa de las comisiones permanentes unidas de Agua y Saneamiento, y de Infraestructuras, Desarrollo Urbano y Ordenamiento Territorial, y tras las m\u00faltiples denuncias realizadas a trav\u00e9s de las redes sociales con relaci\u00f3n a las p\u00e9simas condiciones en la que se encuentran las vialidades en la capital.&nbsp;<\/p>\n\n\n\n<p>El exhorto incluye al gobernador Alejandro Murat Hinojosa, para que en la medida de sus atribuciones, no s\u00f3lo ordene la reparaci\u00f3n de las calles, sino que tambi\u00e9n se propicie la reparaci\u00f3n del da\u00f1o a los propietarios de veh\u00edculos afectados por dichas obras.\u00a0<\/p>\n\n\n\n<p>Las p\u00e9simas condiciones en las que se encuentran las calles de la ciudad han sido una denuncia cotidiana por parte de la ciudadan\u00eda que se ha agravado con la temporada de lluvia sin que las autoridades realicen acciones contundentes para atender el llamado.<\/p>\n\n\n\n<p>El pasado 21 de septiembre, el presidente municipal de Oaxaca de Ju\u00e1rez, Oswaldo Garc\u00eda Jarqu\u00edn, responsabiliz\u00f3 a la SAPAO de las p\u00e9simas condiciones en las que se encuentran las calles de la ciudad, ello en el marco del banderazo al \u00abPrograma de Bacheo 2020\u00bb.<\/p>\n\n\n\n<figure class=\"wp-block-embed-twitter wp-block-embed is-type-rich is-provider-twitter\"><div class=\"wp-block-embed__wrapper\">\n<div class=\"twitter-tweet\"><blockquote class=\"twitter-tweet\" data-lang=\"es\"><p lang=\"es\" dir=\"ltr\"><a href=\"https:\/\/twitter.com\/hashtag\/OaxacaGris?src=hash&amp;ref_src=twsrc%5Etfw\">#OaxacaGris<\/a><br>Muchos de los baches en la ciudad de <a href=\"https:\/\/twitter.com\/hashtag\/Oaxaca?src=hash&amp;ref_src=twsrc%5Etfw\">#Oaxaca<\/a> y zona conurbada son por trabajos deficientes de <a href=\"https:\/\/twitter.com\/SAPAO_GobOax?ref_src=twsrc%5Etfw\">@SAPAO_GobOax<\/a>, que dirige <a href=\"https:\/\/twitter.com\/LauraVignonC?ref_src=twsrc%5Etfw\">@LauraVignonC<\/a>; en im\u00e1genes, el bulevar Eduardo Vasconcelos. El pasado mi\u00e9rcoles, el <a href=\"https:\/\/twitter.com\/CongresoOaxLXIV?ref_src=twsrc%5Etfw\">@CongresoOaxLXIV<\/a> llam\u00f3 la atenci\u00f3n al organismo. <a href=\"https:\/\/t.co\/rZYEcJGHMd\">pic.twitter.com\/rZYEcJGHMd<\/a><\/p>&mdash; Zona Roja Oaxaca (@MexRoja) <a href=\"https:\/\/twitter.com\/MexRoja\/status\/1312458194250166277?ref_src=twsrc%5Etfw\">3 de octubre de 2020<\/a><\/blockquote><\/div>\n<\/div><\/figure>\n\n\n\n<p>De forma in\u00e9dita Garc\u00eda Jarqu\u00edn invit\u00f3 a la prensa a diferenciar las zanjas de SAPAO \u201cmal hechas\u201d de los baches, que dijo \u201chasta cierto punto\u201d le corresponden al municipio.<\/p>\n\n\n\n<p>\u201cNo se trata de un tema ni personal ni pol\u00edtico. Aqu\u00ed cada quien tiene que hacer su trabajo y lo tenemos que hacer de la mejor manera. No estoy molesto, simplemente es hora de que la ciudadan\u00eda sepa lo que realmente est\u00e1 pasando\u201d, refiri\u00f3 el edil.<\/p>\n\n\n\n<p>D\u00edas ante los medios de comunicaci\u00f3n difundieron que dos personas resultaron con lesiones de consideraci\u00f3n y miles de peso en da\u00f1os materiales, fueron el saldo que dej\u00f3 una volcadura de un taxi for\u00e1neo en una zanja de agua negras, refiriendo el peligro que representan a la hora de ir al volante. Tambi\u00e9n registraron el caos vial que se gener\u00f3 un mes antes en el crucero de Viguera, en la capital oaxaque\u00f1a, luego de que varios veh\u00edculos se atascaran en una zanja que dejaron los trabajadores de SAPAO, la cual fue tapada de forma improvisada y hoy en d\u00eda sigue causando molestia en las y los automovilistas.<\/p>\n","protected":false},"excerpt":{"rendered":"<p>Evlin Arag\u00f3n\/Zona Roja. Oaxaca de Ju\u00e1rez, Oax., 3 de octubre de 2020.- Integrantes de la&hellip;<\/p>\n","protected":false},"author":2,"featured_media":18372,"comment_status":"closed","ping_status":"open","sticky":false,"template":"","format":"standard","meta":{"_lmt_disableupdate":"","_lmt_disable":"","_jetpack_memberships_contains_paid_content":false,"footnotes":""},"categories":[109,47],"tags":[2011],"class_list":["post-18371","post","type-post","status-publish","format-standard","has-post-thumbnail","hentry","category-minuto-a-minuto","category-zona-gris","tag-servicios-de-agua-potable-y-alcantarillado-de-oaxaca-sapao"],"jetpack_featured_media_url":"https:\/\/zonaroja.com.mx\/wp-content\/uploads\/2020\/10\/Baches-ciudad-de-Oax.png","jetpack_sharing_enabled":true,"_links":{"self":[{"href":"https:\/\/zonaroja.com.mx\/index.php?rest_route=\/wp\/v2\/posts\/18371","targetHints":{"allow":["GET"]}}],"collection":[{"href":"https:\/\/zonaroja.com.mx\/index.php?rest_route=\/wp\/v2\/posts"}],"about":[{"href":"https:\/\/zonaroja.com.mx\/index.php?rest_route=\/wp\/v2\/types\/post"}],"author":[{"embeddable":true,"href":"https:\/\/zonaroja.com.mx\/index.php?rest_route=\/wp\/v2\/users\/2"}],"replies":[{"embeddable":true,"href":"https:\/\/zonaroja.com.mx\/index.php?rest_route=%2Fwp%2Fv2%2Fcomments&post=18371"}],"version-history":[{"count":3,"href":"https:\/\/zonaroja.com.mx\/index.php?rest_route=\/wp\/v2\/posts\/18371\/revisions"}],"predecessor-version":[{"id":18375,"href":"https:\/\/zonaroja.com.mx\/index.php?rest_route=\/wp\/v2\/posts\/18371\/revisions\/18375"}],"wp:featuredmedia":[{"embeddable":true,"href":"https:\/\/zonaroja.com.mx\/index.php?rest_route=\/wp\/v2\/media\/18372"}],"wp:attachment":[{"href":"https:\/\/zonaroja.com.mx\/index.php?rest_route=%2Fwp%2Fv2%2Fmedia&parent=18371"}],"wp:term":[{"taxonomy":"category","embeddable":true,"href":"https:\/\/zonaroja.com.mx\/index.php?rest_route=%2Fwp%2Fv2%2Fcategories&post=18371"},{"taxonomy":"post_tag","embeddable":true,"href":"https:\/\/zonaroja.com.mx\/index.php?rest_route=%2Fwp%2Fv2%2Ftags&post=18371"}],"curies":[{"name":"wp","href":"https:\/\/api.w.org\/{rel}","templated":true}]}}