{"id":1838,"date":"2019-06-25T20:02:09","date_gmt":"2019-06-26T01:02:09","guid":{"rendered":"http:\/\/www.zonaroja.com.mx\/?p=1838"},"modified":"2019-06-25T20:02:57","modified_gmt":"2019-06-26T01:02:57","slug":"dos-muertos-en-refriega-entre-transportistas-son-reacciones-de-la-delincuencia-organizada-murat","status":"publish","type":"post","link":"https:\/\/zonaroja.com.mx\/?p=1838","title":{"rendered":"Dos muertos en refriega entre transportistas; son \u201creacciones de la delincuencia organizada\u201d: Murat"},"content":{"rendered":"\n<p>Ismael\nGarc\u00eda<\/p>\n\n\n\n<p>Oaxaca de\nJu\u00e1rez, Oax., 25 de junio de 2019.- \u00a1Ta-ta&#8211;ta-ta-ta-ta! \u00a1Ta-ta-ta-ta-ta! \u00a1Ta-ta-ta-ta-ta!\nEl tableteo del fuego cruzado con armas de grueso calibre, incesante. <\/p>\n\n\n\n<p>\u201c\u00a1Con todo\nvamos!, \u00a1venga m\u00e1s, que baje la gente! \u00a1V\u00e1monos, v\u00e1monos!\u201d, el grito, de presuntos\nintegrantes del Sindicato \u201cLibertad\u201d, que tomaron valor una vez que llegaron\nsus dirigentes a bordo de una camioneta doble cabina de color negro.<\/p>\n\n\n\n<p>Diez de la\nma\u00f1ana de soleado martes. La refriega con la Confederaci\u00f3n Aut\u00f3noma de\nTrabajadores y Empleados de M\u00e9xico (CATEM) se intensific\u00f3, a un costado de la\ngasolinera de la colonia La Joya. <\/p>\n\n\n\n<p>Dos muertos, una decena de heridos, una treintena de camiones y otros veh\u00edculos da\u00f1ados, algunos vandalizados, el saldo final de la cruenta lucha ocurrida en la v\u00eda federal 190, crucero con el acceso a la agencia de Trinidad de Viguera, en la ciudad capital.<\/p>\n\n\n\n<figure class=\"wp-block-embed-twitter wp-block-embed is-type-rich is-provider-twitter\"><div class=\"wp-block-embed__wrapper\">\n<div class=\"twitter-tweet\"><blockquote class=\"twitter-tweet\" data-lang=\"es\"><p lang=\"es\" dir=\"ltr\"><a href=\"https:\/\/twitter.com\/hashtag\/OaxacaRojo?src=hash&amp;ref_src=twsrc%5Etfw\">#OaxacaRojo<\/a><br>Este es uno de los momentos del enfrentamiento con armas de fuego, entre el Sindicato \u201cLibertad\u201d y la Confederaci\u00f3n Aut\u00f3noma de Trabajadores y Empleados de M\u00e9xico (CATEM), ocurrido hoy en el crucero de Trinidad de Viguera, al poniente de la ciudad de <a href=\"https:\/\/twitter.com\/hashtag\/Oaxaca?src=hash&amp;ref_src=twsrc%5Etfw\">#Oaxaca<\/a>. <a href=\"https:\/\/t.co\/lt3EOHNMES\">pic.twitter.com\/lt3EOHNMES<\/a><\/p>&mdash; Zona Roja Oaxaca (@MexRoja) <a href=\"https:\/\/twitter.com\/MexRoja\/status\/1143594456068890625?ref_src=twsrc%5Etfw\">25 de junio de 2019<\/a><\/blockquote><\/div>\n<\/div><\/figure>\n\n\n\n<p>EXPERTO EN\nESPIONAJE<\/p>\n\n\n\n<p>El presagio\nlleg\u00f3 por la noche del lunes, con un mensaje de Comunicaci\u00f3n Social de gobierno\npara una conferencia del mandatario Alejandro Murat Hinojosa, a fin de hacer un\nanuncio especial.<\/p>\n\n\n\n<p>A las 9:30\nhoras de hoy, el Sal\u00f3n Gobernadores del Palacio ya estaba a medio llenar de\nperiodistas, ansiosos por escuchar la noticia. Pero los mensajes de Whatsapp y\nv\u00eda Twitter hicieron que algunos salieran corriendo, mientras el gobernante\ntardaba en salir.<\/p>\n\n\n\n<p>Casi a las\ndiez, finalmente aparecieron Murat, Jos\u00e9 Ramuyndo Tu\u00f1\u00f3n J\u00e1uregui, y lo que se\npreve\u00eda: un nuevo secretario de Seguridad P\u00fablica, Ra\u00fal Ernesto Salcedo\nRosales, experto en espionaje pero no en lides policiacas.<\/p>\n\n\n\n<p>A riesgo de\nenfrentar preguntas inc\u00f3modas ante lo que a esa hora ya era un hecho, un muerto\npor enfrentamiento entre sindicatos, el gobernador sali\u00f3 a prisa, y hasta\nolvid\u00f3 tomar en ese momento protesta al nuevo funcionario. <\/p>\n\n\n\n<p>La recepci\u00f3n\nno pudo ser en un contexto m\u00e1s elocuente: violencia y enfrentamiento a balazos\nen la propia capital.<\/p>\n\n\n\n<figure class=\"wp-block-image\"><img decoding=\"async\" width=\"1024\" height=\"682\" src=\"http:\/\/www.zonaroja.com.mx\/wp-content\/uploads\/2019\/06\/Nombramiento-titular-de-SSPO-1-1024x682.jpg\" alt=\"\" class=\"wp-image-1839\" srcset=\"https:\/\/zonaroja.com.mx\/wp-content\/uploads\/2019\/06\/Nombramiento-titular-de-SSPO-1-1024x682.jpg 1024w, https:\/\/zonaroja.com.mx\/wp-content\/uploads\/2019\/06\/Nombramiento-titular-de-SSPO-1-300x200.jpg 300w, https:\/\/zonaroja.com.mx\/wp-content\/uploads\/2019\/06\/Nombramiento-titular-de-SSPO-1-768x512.jpg 768w, https:\/\/zonaroja.com.mx\/wp-content\/uploads\/2019\/06\/Nombramiento-titular-de-SSPO-1-1170x780.jpg 1170w, https:\/\/zonaroja.com.mx\/wp-content\/uploads\/2019\/06\/Nombramiento-titular-de-SSPO-1-585x390.jpg 585w, https:\/\/zonaroja.com.mx\/wp-content\/uploads\/2019\/06\/Nombramiento-titular-de-SSPO-1-263x175.jpg 263w, https:\/\/zonaroja.com.mx\/wp-content\/uploads\/2019\/06\/Nombramiento-titular-de-SSPO-1.jpg 1280w\" sizes=\"(max-width: 1024px) 100vw, 1024px\" \/><\/figure>\n\n\n\n<p>ZONA DE\nGUERRA<\/p>\n\n\n\n<p>A esa hora,\ndel lado poniente de la ciudad, a m\u00e1s de cinco kil\u00f3metros, la refriega entre \u201cLibertad\u201d\ny la CATEM. \u201cTa-ta-ta-ta\u201d\u2026, el fuego cruzado, hombres corriendo de un lado para\notro, que dejaron las piedras que aventaban y sacaron a lucir armas de alto\npoder.<\/p>\n\n\n\n<p>Corretizas\npor doquier. Gritos de auxilio, llamadas para traer m\u00e1s gente. <\/p>\n\n\n\n<p>\u201c\u00a1Pinche, no\nmames, ya le dieron a un cabr\u00f3n!\u201d, las exclamaciones, cuando cay\u00f3 el primero,\nque fue llevado a una cl\u00ednica y m\u00e1s tarde falleci\u00f3.<\/p>\n\n\n\n<p>10:30, la\ncalma retorn\u00f3, los polic\u00edas llegaron, pero sin hacer ninguna detenci\u00f3n. El\ncrucero de Viguera, zona de guerra y de nadie.<\/p>\n\n\n\n<p>Camiones incendi\u00e1ndose,\nveh\u00edculos vandalizados, balas tiradas por cualquier parte, evidencias muchas\nque fueron borradas a causa de la tardanza de personal de la Fiscal\u00eda General.<\/p>\n\n\n\n<p>En el\ncrucero del monumento a la Madre, en inmediaciones de Santa Rosa Panzacola, el\nSindicato \u201cLibertad\u201d se atrincher\u00f3. Se preve\u00eda lo peor. Pero la calma se\nimpuso.<\/p>\n\n\n\n<figure class=\"wp-block-image\"><img decoding=\"async\" width=\"1024\" height=\"767\" src=\"http:\/\/www.zonaroja.com.mx\/wp-content\/uploads\/2019\/06\/Enfrentamiento-CATEM-y-Libertad-Viguera-2-1024x767.jpg\" alt=\"\" class=\"wp-image-1840\" srcset=\"https:\/\/zonaroja.com.mx\/wp-content\/uploads\/2019\/06\/Enfrentamiento-CATEM-y-Libertad-Viguera-2-1024x767.jpg 1024w, https:\/\/zonaroja.com.mx\/wp-content\/uploads\/2019\/06\/Enfrentamiento-CATEM-y-Libertad-Viguera-2-300x225.jpg 300w, https:\/\/zonaroja.com.mx\/wp-content\/uploads\/2019\/06\/Enfrentamiento-CATEM-y-Libertad-Viguera-2-768x575.jpg 768w, https:\/\/zonaroja.com.mx\/wp-content\/uploads\/2019\/06\/Enfrentamiento-CATEM-y-Libertad-Viguera-2-1170x877.jpg 1170w, https:\/\/zonaroja.com.mx\/wp-content\/uploads\/2019\/06\/Enfrentamiento-CATEM-y-Libertad-Viguera-2-585x438.jpg 585w, https:\/\/zonaroja.com.mx\/wp-content\/uploads\/2019\/06\/Enfrentamiento-CATEM-y-Libertad-Viguera-2.jpg 1280w\" sizes=\"(max-width: 1024px) 100vw, 1024px\" \/><\/figure>\n\n\n\n<p>FUIMOS\nAGREDIDOS<\/p>\n\n\n\n<p>\u201cNos\ndispon\u00edamos a dar inicio a una obra en inmediaciones del r\u00edo \u2018Atoyac\u2019 cuando\nfuimos agredidos por CATEM, con armas largas; tenemos diez heridos. Tenemos el\ncontrato debidamente firmado con la empresa Constructores de la Cuenca S. A. de\nC. V.\u201d, la declaraci\u00f3n de Pastor Dom\u00ednguez, vocero de \u201cLibertad\u201d.<\/p>\n\n\n\n<p>Muestra\nluego un documento que certifica que garantiza la titularidad de la obra de\nrehabilitaci\u00f3n, en el acarreo de materiales.<\/p>\n\n\n\n<p>\u201cEl llamado\nal gobernador para que meta las manos, porque tenemos la raz\u00f3n y la legalidad y\nno es posible que esa gente nos agreda; tenemos 30 veh\u00edculos da\u00f1ados, dos\ntotalmente destruidos\u201d, agrega en improvisada conferencia de prensa ya casi al\nmediod\u00eda del martes, entre ciento de taxis, mototaxis y camiones tipo volteo.<\/p>\n\n\n\n<p>No tiene datos precisos de las ocasiones en que han sido atacados por CATEM y asegura que en este sexenio, dos de sus agremiados han sido asesinados, de quienes piden justicia.}<\/p>\n\n\n\n<figure class=\"wp-block-embed-twitter wp-block-embed is-type-rich is-provider-twitter\"><div class=\"wp-block-embed__wrapper\">\n<div class=\"twitter-tweet\"><blockquote class=\"twitter-tweet\" data-lang=\"es\"><p lang=\"es\" dir=\"ltr\"><a href=\"https:\/\/twitter.com\/hashtag\/OaxacaRojo?src=hash&amp;ref_src=twsrc%5Etfw\">#OaxacaRojo<\/a><br>As\u00ed el enfrentamiento a balazos entre organizaciones de transportistas, en el crucero de Trinidad de Viguera, al poniente de la ciudad capital. <a href=\"https:\/\/t.co\/Lky7hvM47C\">pic.twitter.com\/Lky7hvM47C<\/a><\/p>&mdash; Zona Roja Oaxaca (@MexRoja) <a href=\"https:\/\/twitter.com\/MexRoja\/status\/1143531164675784709?ref_src=twsrc%5Etfw\">25 de junio de 2019<\/a><\/blockquote><\/div>\n<\/div><\/figure>\n\n\n\n<p>DELINCUENCIA\nORGANIZADA<\/p>\n\n\n\n<p>Minutos\ndespu\u00e9s de las 12, la calma retorna, entre rumores de nuevos enfrentamientos.\nSe retiran del crucero del monumento a la Madre, pero se van a cuidar\nhospitales donde atienden a sus heridos. En uno de ellos, despu\u00e9s de la una de\nla tarde falleci\u00f3 el segundo agredido.<\/p>\n\n\n\n<p>Diego\nArmando Santiago Ortiz y Erick Giovanni Taboada Herrera, las v\u00edctimas mortales,\npresuntamente originarias de San Lorenzo Cacaotepec.<\/p>\n\n\n\n<p>Una hora antes,\ndesde el Palacio de Gobierno, el fiscal Rub\u00e9n Vasconcelos M\u00e9ndez s\u00f3lo\nconfirmaba aprisa un muerto y un herido; \u201cno tengo m\u00e1s datos\u201d, argumentaba; \u201cvamos\na aplicar justicia\u201d, la cantaleta.<\/p>\n\n\n\n<p>Mientras\ntanto, por la tarde, desde Concepci\u00f3n P\u00e1palo, en la regi\u00f3n Ca\u00f1ada, el\ngobernador Murat Hinojosa encargaba a su nuevo secretario de Seguridad, dar\nresultados.<\/p>\n\n\n\n<p>Sobre el conflicto entre transportistas, dec\u00eda a la prensa que no se tolerar\u00edan m\u00e1s actos de violencia, que podr\u00edan las instancias correspondientes quitar la toma de nota a sindicatos violentos; que se llevar\u00eda a los responsables de los hechos ante la justicia\u2026 que habr\u00e1 cero tolerancia. Aunque no hay detenidos, hasta anoche.<\/p>\n\n\n\n<figure class=\"wp-block-embed-twitter wp-block-embed is-type-rich is-provider-twitter\"><div class=\"wp-block-embed__wrapper\">\n<div class=\"twitter-tweet\"><blockquote class=\"twitter-tweet\" data-lang=\"es\"><p lang=\"es\" dir=\"ltr\"><a href=\"https:\/\/twitter.com\/hashtag\/OaxacaGris?src=hash&amp;ref_src=twsrc%5Etfw\">#OaxacaGris<\/a><br>\u201cQue el nuevo secretario (de <a href=\"https:\/\/twitter.com\/SSP_GobOax?ref_src=twsrc%5Etfw\">@SSP_GobOax<\/a>, Ra\u00fal Ernesto Salcedo) d\u00e9 resultados&#8230;\u201d, dice el gobernador <a href=\"https:\/\/twitter.com\/alejandromurat?ref_src=twsrc%5Etfw\">@alejandromurat<\/a> desde Concepci\u00f3n P\u00e1palo, regi\u00f3n Ca\u00f1ada; sobre el enfrentamiento entre transportistas, asegura que no habr\u00e1 impunidad. <a href=\"https:\/\/t.co\/xxegRFyeKS\">pic.twitter.com\/xxegRFyeKS<\/a><\/p>&mdash; Zona Roja Oaxaca (@MexRoja) <a href=\"https:\/\/twitter.com\/MexRoja\/status\/1143622764642865152?ref_src=twsrc%5Etfw\">25 de junio de 2019<\/a><\/blockquote><\/div>\n<\/div><\/figure>\n\n\n\n<p>Y el\nreconocimiento t\u00e1cito: <\/p>\n\n\n\n<p>\u201cLas\nacciones que se han tomado en el Istmo, la Cuenca y los Valles Centrales, pues tambi\u00e9n\nlamentablemente en ciertas ocasiones tienen reacciones de la delincuencia\norganizada\u201d.<\/p>\n\n\n\n<p>S\u00ed, la\ndelincuencia organizada que desde hace mucho no quieren ver las autoridades,\nreinan en Oaxaca. Y los transportistas, uno de sus principales operadores.<\/p>\n","protected":false},"excerpt":{"rendered":"<p>Ismael Garc\u00eda Oaxaca de Ju\u00e1rez, Oax., 25 de junio de 2019.- \u00a1Ta-ta&#8211;ta-ta-ta-ta! \u00a1Ta-ta-ta-ta-ta! \u00a1Ta-ta-ta-ta-ta! El&hellip;<\/p>\n","protected":false},"author":2,"featured_media":1841,"comment_status":"closed","ping_status":"open","sticky":false,"template":"","format":"standard","meta":{"_lmt_disableupdate":"","_lmt_disable":"","_jetpack_memberships_contains_paid_content":false,"footnotes":""},"categories":[51],"tags":[129,234,233],"class_list":["post-1838","post","type-post","status-publish","format-standard","has-post-thumbnail","hentry","category-zona-roja","tag-enfrentamiento","tag-transportistas-catem-y-libertad","tag-trinidad-de-viguera"],"jetpack_featured_media_url":"https:\/\/zonaroja.com.mx\/wp-content\/uploads\/2019\/06\/Enfrentamiento-CATEM-y-Libertad-Viguera-4.jpg","jetpack_sharing_enabled":true,"_links":{"self":[{"href":"https:\/\/zonaroja.com.mx\/index.php?rest_route=\/wp\/v2\/posts\/1838","targetHints":{"allow":["GET"]}}],"collection":[{"href":"https:\/\/zonaroja.com.mx\/index.php?rest_route=\/wp\/v2\/posts"}],"about":[{"href":"https:\/\/zonaroja.com.mx\/index.php?rest_route=\/wp\/v2\/types\/post"}],"author":[{"embeddable":true,"href":"https:\/\/zonaroja.com.mx\/index.php?rest_route=\/wp\/v2\/users\/2"}],"replies":[{"embeddable":true,"href":"https:\/\/zonaroja.com.mx\/index.php?rest_route=%2Fwp%2Fv2%2Fcomments&post=1838"}],"version-history":[{"count":2,"href":"https:\/\/zonaroja.com.mx\/index.php?rest_route=\/wp\/v2\/posts\/1838\/revisions"}],"predecessor-version":[{"id":1843,"href":"https:\/\/zonaroja.com.mx\/index.php?rest_route=\/wp\/v2\/posts\/1838\/revisions\/1843"}],"wp:featuredmedia":[{"embeddable":true,"href":"https:\/\/zonaroja.com.mx\/index.php?rest_route=\/wp\/v2\/media\/1841"}],"wp:attachment":[{"href":"https:\/\/zonaroja.com.mx\/index.php?rest_route=%2Fwp%2Fv2%2Fmedia&parent=1838"}],"wp:term":[{"taxonomy":"category","embeddable":true,"href":"https:\/\/zonaroja.com.mx\/index.php?rest_route=%2Fwp%2Fv2%2Fcategories&post=1838"},{"taxonomy":"post_tag","embeddable":true,"href":"https:\/\/zonaroja.com.mx\/index.php?rest_route=%2Fwp%2Fv2%2Ftags&post=1838"}],"curies":[{"name":"wp","href":"https:\/\/api.w.org\/{rel}","templated":true}]}}