{"id":18386,"date":"2020-10-04T07:59:31","date_gmt":"2020-10-04T12:59:31","guid":{"rendered":"http:\/\/www.zonaroja.com.mx\/?p=18386"},"modified":"2020-10-04T07:59:34","modified_gmt":"2020-10-04T12:59:34","slug":"a-partir-del-25-de-octubre-vigentes-las-sanciones-por-el-uso-del-pet-y-el-unicel","status":"publish","type":"post","link":"https:\/\/zonaroja.com.mx\/?p=18386","title":{"rendered":"A partir del 25 de octubre, vigentes las sanciones por el uso del pet y el unicel"},"content":{"rendered":"\n<p>Redacci\u00f3n\/Zona Roja.<\/p>\n\n\n\n<p>Oaxaca de Ju\u00e1rez, Oax., 4 de octubre de 2020.- A partir del pr\u00f3ximo 25 de octubre, ser\u00e1n aplicables las sanciones en contra de cualquier empresa que distribuya botellas de pl\u00e1stico y embalajes desechables de unicel en territorio oaxaque\u00f1o, anunci\u00f3 el presidente de la Junta de Coordinaci\u00f3n Pol\u00edtica (Jucopo) del Congreso del Estado de Oaxaca, Horacio Sosa Villavicencio.<\/p>\n\n\n\n<p>Lo anterior, es consecuencia de la aplicaci\u00f3n de la reforma a Ley para la Gesti\u00f3n Integral de los Residuos S\u00f3lidos, que proh\u00edbe en Oaxaca la venta, distribuci\u00f3n o uso de botellas desechables de tereftalato de polietileno (PET), as\u00ed como envases y embalajes desechables de poliestireno expandido (unicel).<\/p>\n\n\n\n<p>La adecuaci\u00f3n legal, aprobada por la C\u00e1mara de Diputados, entr\u00f3 en vigor el 28 de junio del a\u00f1o pasado, una vez que se public\u00f3 en el Peri\u00f3dico Oficial del Estado de Oaxaca.<\/p>\n\n\n\n<p>Sin embargo, hace un a\u00f1o, empresarios refresqueros solicitaron una pr\u00f3rroga, la cual se les concedi\u00f3 por parte de los 42 diputados de la 64 Legislatura del Congreso local, a fin de que agotaran el producto existente en sus bodegas.<\/p>\n\n\n\n<p>El plazo finalmente se cumple el d\u00eda 25 de este mes, por lo que es preciso dar a conocer a la poblaci\u00f3n la aplicaci\u00f3n de esta medida prohibitiva, inform\u00f3 el legislador en entrevista radiof\u00f3nica.<\/p>\n\n\n\n<p>\u201cNosotros no estamos en contra de los empresarios o del libre comercio, sino a favor del medio ambiente. Lo \u00fanico que pedimos es que los productos que expenden sean amigables y no contribuyan a la degradaci\u00f3n de la naturaleza\u201d, asent\u00f3.<\/p>\n\n\n\n<p>Sosa Villavicencio hizo un llamado a la ciudadan\u00eda a hacer conciencia \u201csobre el da\u00f1o que le estamos ocasionando a nuestro entorno\u201d mediante el uso de este tipo de productos industriales que no son biodegradables.<\/p>\n\n\n\n<p>\u201cAhora nos corresponde volver a las costumbres a\u00f1ejas, llevando nuestros recipientes elaborados de materiales reutilizables, a fin de combatir la contaminaci\u00f3n\u201d, dijo.<\/p>\n\n\n\n<p>Seg\u00fan la nueva redacci\u00f3n de la ley, las multas a quien incumpla estas disposiciones van de diez a 50 mil salarios m\u00ednimos, la suspensi\u00f3n o revocaci\u00f3n de concesiones o autorizaciones, decomisos, clausuras temporal o definitiva o incluso el arresto para quienes por parte de las empresas que utilizan este tipo de materiales para distribuir sus productos.<\/p>\n\n\n\n<p>Con las disposiciones aprobadas, hace 15 meses, se prev\u00e9 reducir casi en un 70 por ciento la emisi\u00f3n de contaminaci\u00f3n por PET en el territorio del estado, pues se estima que el 52.8 por ciento est\u00e1 constituida por botellas desechables de refresco y 17 por ciento por botellas desechables de agua.<\/p>\n\n\n\n<p>En tanto, las dependencias y entidades de los tres Poderes del Estado de Oaxaca, los gobiernos municipales, as\u00ed como los \u00f3rganos aut\u00f3nomos de la entidad, est\u00e1n obligados a no adquirir, usar o distribuir productos en envases o embalajes de un solo uso, elaborados con PET o unicel.<\/p>\n","protected":false},"excerpt":{"rendered":"<p>Redacci\u00f3n\/Zona Roja. Oaxaca de Ju\u00e1rez, Oax., 4 de octubre de 2020.- A partir del pr\u00f3ximo&hellip;<\/p>\n","protected":false},"author":2,"featured_media":7286,"comment_status":"closed","ping_status":"open","sticky":false,"template":"","format":"standard","meta":{"_lmt_disableupdate":"","_lmt_disable":"","_jetpack_memberships_contains_paid_content":false,"footnotes":""},"categories":[109,52],"tags":[444],"class_list":["post-18386","post","type-post","status-publish","format-standard","has-post-thumbnail","hentry","category-minuto-a-minuto","category-zona-verde","tag-horacio-sosa-villavicencio"],"jetpack_featured_media_url":"https:\/\/zonaroja.com.mx\/wp-content\/uploads\/2020\/01\/pl\u00e1sticos.jpg","jetpack_sharing_enabled":true,"_links":{"self":[{"href":"https:\/\/zonaroja.com.mx\/index.php?rest_route=\/wp\/v2\/posts\/18386","targetHints":{"allow":["GET"]}}],"collection":[{"href":"https:\/\/zonaroja.com.mx\/index.php?rest_route=\/wp\/v2\/posts"}],"about":[{"href":"https:\/\/zonaroja.com.mx\/index.php?rest_route=\/wp\/v2\/types\/post"}],"author":[{"embeddable":true,"href":"https:\/\/zonaroja.com.mx\/index.php?rest_route=\/wp\/v2\/users\/2"}],"replies":[{"embeddable":true,"href":"https:\/\/zonaroja.com.mx\/index.php?rest_route=%2Fwp%2Fv2%2Fcomments&post=18386"}],"version-history":[{"count":1,"href":"https:\/\/zonaroja.com.mx\/index.php?rest_route=\/wp\/v2\/posts\/18386\/revisions"}],"predecessor-version":[{"id":18387,"href":"https:\/\/zonaroja.com.mx\/index.php?rest_route=\/wp\/v2\/posts\/18386\/revisions\/18387"}],"wp:featuredmedia":[{"embeddable":true,"href":"https:\/\/zonaroja.com.mx\/index.php?rest_route=\/wp\/v2\/media\/7286"}],"wp:attachment":[{"href":"https:\/\/zonaroja.com.mx\/index.php?rest_route=%2Fwp%2Fv2%2Fmedia&parent=18386"}],"wp:term":[{"taxonomy":"category","embeddable":true,"href":"https:\/\/zonaroja.com.mx\/index.php?rest_route=%2Fwp%2Fv2%2Fcategories&post=18386"},{"taxonomy":"post_tag","embeddable":true,"href":"https:\/\/zonaroja.com.mx\/index.php?rest_route=%2Fwp%2Fv2%2Ftags&post=18386"}],"curies":[{"name":"wp","href":"https:\/\/api.w.org\/{rel}","templated":true}]}}