{"id":18394,"date":"2020-10-04T15:51:06","date_gmt":"2020-10-04T20:51:06","guid":{"rendered":"http:\/\/www.zonaroja.com.mx\/?p=18394"},"modified":"2020-10-04T15:51:09","modified_gmt":"2020-10-04T20:51:09","slug":"respaldan-mas-organismos-civiles-al-albergue-de-solalinde-en-ixtepec","status":"publish","type":"post","link":"https:\/\/zonaroja.com.mx\/?p=18394","title":{"rendered":"Respaldan m\u00e1s organismos civiles al albergue de Solalinde en Ixtepec"},"content":{"rendered":"\n<p>Redacci\u00f3n\/Zona Roja.<\/p>\n\n\n\n<p>Oaxaca de Ju\u00e1rez, Oax., 4 de octubre de 2020.- La Fondazione AVSI, Dignidad y Justicia en el Camino A.C. (FM4 Paso Libre) y dos albergues en los estados de Oaxaca y Jalisco, M\u00e9xico, firmaron recientemente un convenio de colaboraci\u00f3n.<\/p>\n\n\n\n<p>En el caso de esta entidad, el documento fue signado entre la doctora Rossana Stanchi, representante Pa\u00eds Fondazione AVSI, y el padre Alejandro Solalinde Guerra, del albergue \u201cHermanos en el Camino\u201d, situado en Ciudad Ixtepec.<\/p>\n\n\n\n<p>Ambos convenios se ejecutan en el marco del proyecto \u201cInclusi\u00f3n Digna\u201d implementado por Fondazione AVSI, en alianza con FM4 Paso Libre, AVSI M\u00e9xico A.C. y el apoyo financiero compartido de la Uni\u00f3n Europea y buscar\u00e1n beneficiar directamente a alrededor de 500 ni\u00f1os, ni\u00f1as y adolescentes.<\/p>\n\n\n\n<p>Contemplan la asistencia t\u00e9cnica a los albergues para la formulaci\u00f3n e implementaci\u00f3n de modelos de cuidado alternativo y educativo a ni\u00f1os, ni\u00f1as y adolescentes acompa\u00f1ados y no acompa\u00f1ados, procesos de formaci\u00f3n dirigidos a los funcionarios del albergue en: capacidades de gesti\u00f3n; monitoreo, recolecci\u00f3n de datos y atenci\u00f3n integral a ni\u00f1ez y adolescencia migrante.<\/p>\n\n\n\n<p>Adem\u00e1s, se dotar\u00e1 a los albergues de materiales educativos b\u00e1sicos, para garantizar el funcionamiento de los modelos de cuidado alternativo y, en atenci\u00f3n a la actual contingencia por el Covid-19, se realizar\u00e1 la donaci\u00f3n de despensas durante tres meses para las familias de migrantes refugiados, la distribuci\u00f3n de productos de limpieza a ambos albergues con qui\u00e9nes se revisar\u00e1n los protocolos de contingencia y se dise\u00f1ar\u00e1 de forma conjunta un Plan de Continuidad post contingencia.<\/p>\n\n\n\n<p>A la fecha, con la firma de los convenios se ha iniciado la entrega de 92 despensas a familias con ni\u00f1os, ni\u00f1as y adolescentes migrantes que viven en zonas aleda\u00f1as a los albergues \u201cEl Refugio\u201d y \u201cFM4 Paso Libre\u201d de Jalisco y, adem\u00e1s, se ha realizado un primer encuentro con actores p\u00fablicos y privados, para la promoci\u00f3n de modelos y protocolos enfocados a DDHH de NNA migrantes en M\u00e9xico.<\/p>\n","protected":false},"excerpt":{"rendered":"<p>Redacci\u00f3n\/Zona Roja. Oaxaca de Ju\u00e1rez, Oax., 4 de octubre de 2020.- La Fondazione AVSI, Dignidad&hellip;<\/p>\n","protected":false},"author":2,"featured_media":18395,"comment_status":"closed","ping_status":"open","sticky":false,"template":"","format":"standard","meta":{"_lmt_disableupdate":"","_lmt_disable":"","_jetpack_memberships_contains_paid_content":false,"footnotes":""},"categories":[109,46],"tags":[2073],"class_list":["post-18394","post","type-post","status-publish","format-standard","has-post-thumbnail","hentry","category-minuto-a-minuto","category-zona-blanca","tag-alejandro-solalinde-guerra"],"jetpack_featured_media_url":"https:\/\/zonaroja.com.mx\/wp-content\/uploads\/2020\/10\/Firma-de-convenio.jpg","jetpack_sharing_enabled":true,"_links":{"self":[{"href":"https:\/\/zonaroja.com.mx\/index.php?rest_route=\/wp\/v2\/posts\/18394","targetHints":{"allow":["GET"]}}],"collection":[{"href":"https:\/\/zonaroja.com.mx\/index.php?rest_route=\/wp\/v2\/posts"}],"about":[{"href":"https:\/\/zonaroja.com.mx\/index.php?rest_route=\/wp\/v2\/types\/post"}],"author":[{"embeddable":true,"href":"https:\/\/zonaroja.com.mx\/index.php?rest_route=\/wp\/v2\/users\/2"}],"replies":[{"embeddable":true,"href":"https:\/\/zonaroja.com.mx\/index.php?rest_route=%2Fwp%2Fv2%2Fcomments&post=18394"}],"version-history":[{"count":1,"href":"https:\/\/zonaroja.com.mx\/index.php?rest_route=\/wp\/v2\/posts\/18394\/revisions"}],"predecessor-version":[{"id":18396,"href":"https:\/\/zonaroja.com.mx\/index.php?rest_route=\/wp\/v2\/posts\/18394\/revisions\/18396"}],"wp:featuredmedia":[{"embeddable":true,"href":"https:\/\/zonaroja.com.mx\/index.php?rest_route=\/wp\/v2\/media\/18395"}],"wp:attachment":[{"href":"https:\/\/zonaroja.com.mx\/index.php?rest_route=%2Fwp%2Fv2%2Fmedia&parent=18394"}],"wp:term":[{"taxonomy":"category","embeddable":true,"href":"https:\/\/zonaroja.com.mx\/index.php?rest_route=%2Fwp%2Fv2%2Fcategories&post=18394"},{"taxonomy":"post_tag","embeddable":true,"href":"https:\/\/zonaroja.com.mx\/index.php?rest_route=%2Fwp%2Fv2%2Ftags&post=18394"}],"curies":[{"name":"wp","href":"https:\/\/api.w.org\/{rel}","templated":true}]}}