{"id":18400,"date":"2020-10-04T17:02:15","date_gmt":"2020-10-04T22:02:15","guid":{"rendered":"http:\/\/www.zonaroja.com.mx\/?p=18400"},"modified":"2020-10-04T17:02:18","modified_gmt":"2020-10-04T22:02:18","slug":"colores-vibrantes-realismo-y-espontaneidad-en-la-obra-de-modesto-bernardo","status":"publish","type":"post","link":"https:\/\/zonaroja.com.mx\/?p=18400","title":{"rendered":"Colores vibrantes, realismo y espontaneidad, en la obra de Modesto Bernardo"},"content":{"rendered":"\n<p>Evlin Arag\u00f3n\/Zona Roja.<\/p>\n\n\n\n<p>Oaxaca de Ju\u00e1rez, Oax., 4 de octubre de 2020.- Colores vibrantes que retratan la flora y fauna caracter\u00edstica de Oaxaca, rostros de sus mujeres ind\u00edgenas de piel broceada portando orgullosas sus trajes t\u00edpicos, personajes abstractos similares a los alebrijes, entre muchos otros referentes de la identidad oaxaque\u00f1a.&nbsp;<\/p>\n\n\n\n<p>Todo lo anterior forma parte de la obra del maestro Modesto Bernardo, que busca reflejar la vida y la historia de su natal Zimatl\u00e1n de \u00c1lvarez, municipio perteneciente a los Valles Centrales, misma que la ha dado la inspiraci\u00f3n necesaria durante toda su trayectoria.<\/p>\n\n\n\n<p>\u201cYo creo que as\u00ed debe ser, yo no veo al artista como un parche, para que su obra sea real tiene que estar engendrada en el quehacer y el sentir de las comunidades\u201d, refiere en entrevista para ZONA ROJA.&nbsp;&nbsp;<\/p>\n\n\n\n<p>Su m\u00e1s reciente obra refleja el ciclo de la vida y su conexi\u00f3n con la naturaleza, en el que se puede ver como un coraz\u00f3n se conecta con un colibr\u00ed y este a su vez con una mujer con rasgo ind\u00edgenas que recibe la ayuda de la madre tierra, todo con la amplia gama de colores, el realismo y la espontaneidad que lo caracteriza.\u00a0\u00a0<\/p>\n\n\n\n<figure class=\"wp-block-embed-twitter wp-block-embed is-type-rich is-provider-twitter\"><div class=\"wp-block-embed__wrapper\">\n<div class=\"twitter-tweet\"><blockquote class=\"twitter-tweet\" data-lang=\"es\"><p lang=\"es\" dir=\"ltr\">(1)\u00a0\u00bfConoce al artista pl\u00e1stico Modesto Bernardo? Es un reconocido pintor oriundo de <a href=\"https:\/\/twitter.com\/hashtag\/Zimatl%C3%A1n?src=hash&amp;ref_src=twsrc%5Etfw\">#Zimatl\u00e1n<\/a> de \u00c1lvarez, <a href=\"https:\/\/twitter.com\/hashtag\/Oaxaca?src=hash&amp;ref_src=twsrc%5Etfw\">#Oaxaca<\/a>, egresado de la Escuela de Bellas Artes de la <a href=\"https:\/\/twitter.com\/UABJO?ref_src=twsrc%5Etfw\">@UABJO<\/a>, disc\u00edpulo de Shinzaburo Takeda y tambi\u00e9n alumno del taller Rufino Tamayo. <a href=\"https:\/\/t.co\/hL32u6BhFN\">pic.twitter.com\/hL32u6BhFN<\/a><\/p>&mdash; Zona Roja Oaxaca (@MexRoja) <a href=\"https:\/\/twitter.com\/MexRoja\/status\/1312760660741230596?ref_src=twsrc%5Etfw\">4 de octubre de 2020<\/a><\/blockquote><\/div>\n<\/div><\/figure>\n\n\n\n<p>Como mucho otros artistas, Modesto inicio su camino en la pl\u00e1stica por puro gusto, incluso jugando y de repente la vida lo puso el camino profesional, en donde se ha mantenido a pesar de las crisis a las que se ha enfrentado la pl\u00e1stica y no debido al talento que hay de sobra en Oaxaca.&nbsp;<\/p>\n\n\n\n<p>\u201cYo creo que en todos los seres humanos hay un acercamiento hasta inconscientes a los diferentes \u00e1ngulos de la creaci\u00f3n: m\u00fasica, literatura, pl\u00e1tica, lo que pasa es que lo hacemos de manera primitiva y al darte cuenta de tu gusto se pule uno, por eso decid\u00ed estudiar en la Escuela de Bella Artes\u201d, explica.<\/p>\n\n\n\n<p>De su ingreso a la academia ya tiene m\u00e1s de 30 a\u00f1os, 35 para mayor exactitud, sin embargo, en ese momento a excepci\u00f3n de los maestros consolidados, no hab\u00eda una profesionalizaci\u00f3n como tal en la pl\u00e1stica oaxaque\u00f1a, que ahora si est\u00e1 arraigada.&nbsp;<\/p>\n\n\n\n<p>Tan es as\u00ed que asegura, Oaxaca es de los lugares con m\u00e1s artistas pl\u00e1sticos no s\u00f3lo en la Rep\u00fablica Mexicana, sino en toda Am\u00e9rica Latina, por lo que no duda sentirse honrado de formar parte de una tierra que pronto ser\u00e1 conocida como el basti\u00f3n de los artistas pl\u00e1sticos a nivel continente.&nbsp;<\/p>\n\n\n\n<p>\u201cEso me llena de orgullo, ser de los primeros artistas de esos a\u00f1os y ver ahora que afortunadamente hay por cientos\u201d, manifiesta visiblemente emocionado.&nbsp;<\/p>\n\n\n\n<p>Modesto Bernardo se asume como uno de los pocos integrantes que quedan de la generaci\u00f3n \u201cperdida\u201d de los ochenta, ya que previamente hay grandes referentes en la pl\u00e1stica como Rufino Tamayo, Rodolfo Morales y Francisco Toledo, y posterior a ellos y de forma m\u00e1s reciente una enorme camada de artistas que reci\u00e9n inician su camino con enorme talento y calidad en la t\u00e9cnica.&nbsp;<\/p>\n\n\n\n<p>Arte popular, pintura, escultura, dise\u00f1o, grabado y hasta el performance forman parte de su obra. Eso no lo es \u00fanico, ya que el artista explora los nuevos materiales para proponer y crear nuevas t\u00e9cnicas, comprobando que el arte pl\u00e1stico es tan generoso que se puede hacer con todo.<\/p>\n\n\n\n<figure class=\"wp-block-embed-twitter wp-block-embed is-type-rich is-provider-twitter\"><div class=\"wp-block-embed__wrapper\">\n<div class=\"twitter-tweet\"><blockquote class=\"twitter-tweet\" data-lang=\"es\"><p lang=\"es\" dir=\"ltr\">(2)\u00a0\u00a0 El tambi\u00e9n activista Modesto Bernardo tiene ahora su taller en el centro de la ciudad de Oaxaca, en la calle La Noria casi esquina con Manuel Doblado, donde adem\u00e1s de conocer su forma de trabajo, puede adquirir obras gr\u00e1ficas.<br><br>Aqu\u00ed la entrevista:<br>\ud83d\udc47<a href=\"https:\/\/t.co\/t3Y86tCHek\">https:\/\/t.co\/t3Y86tCHek<\/a> <a href=\"https:\/\/t.co\/0JThwXAOEX\">pic.twitter.com\/0JThwXAOEX<\/a><\/p>&mdash; Zona Roja Oaxaca (@MexRoja) <a href=\"https:\/\/twitter.com\/MexRoja\/status\/1312793907034427398?ref_src=twsrc%5Etfw\">4 de octubre de 2020<\/a><\/blockquote><\/div>\n<\/div><\/figure>\n\n\n\n<p>Todo se puede apreciar en su taller, ubicado en calle La Noria casi esquina con Manuel Doblado, en el centro de la ciudad de Oaxaca, el cual ha servido para reunir a artista consagrados con las nuevas generaciones que buscan una oportunidad, ello con el prop\u00f3sito de crear una pl\u00e1stica oaxaque\u00f1a m\u00e1s elocuente y con muchos enfoques.&nbsp;<\/p>\n\n\n\n<p>\u201cEste es un taller donde yo desarrollo mi quehacer pero que todo mundo eta invitado. Bienvenidos todos. Hemos tenido la oportunidad de tener en este espacio a los compa\u00f1eros consagrados y a las nuevas generaciones que est\u00e1n iniciando su proyecto con quienes hemos compartido conocimientos y experiencias\u201d, dice.<\/p>\n\n\n\n<p>Finalmente, invita a la poblaci\u00f3n en general a conocer no s\u00f3lo su trabajo sino la pl\u00e1stica oaxaque\u00f1a en general, ya que asegura cada vez hay m\u00e1s talleres abiertos para compartir los que les apasiona.<\/p>\n","protected":false},"excerpt":{"rendered":"<p>Evlin Arag\u00f3n\/Zona Roja. Oaxaca de Ju\u00e1rez, Oax., 4 de octubre de 2020.- Colores vibrantes que&hellip;<\/p>\n","protected":false},"author":2,"featured_media":18401,"comment_status":"closed","ping_status":"open","sticky":false,"template":"","format":"standard","meta":{"_lmt_disableupdate":"","_lmt_disable":"","_jetpack_memberships_contains_paid_content":false,"footnotes":""},"categories":[109,46],"tags":[2074],"class_list":["post-18400","post","type-post","status-publish","format-standard","has-post-thumbnail","hentry","category-minuto-a-minuto","category-zona-blanca","tag-pintor-modesto-bernardo"],"jetpack_featured_media_url":"https:\/\/zonaroja.com.mx\/wp-content\/uploads\/2020\/10\/Pintor-Modesto-Bernardo.png","jetpack_sharing_enabled":true,"_links":{"self":[{"href":"https:\/\/zonaroja.com.mx\/index.php?rest_route=\/wp\/v2\/posts\/18400","targetHints":{"allow":["GET"]}}],"collection":[{"href":"https:\/\/zonaroja.com.mx\/index.php?rest_route=\/wp\/v2\/posts"}],"about":[{"href":"https:\/\/zonaroja.com.mx\/index.php?rest_route=\/wp\/v2\/types\/post"}],"author":[{"embeddable":true,"href":"https:\/\/zonaroja.com.mx\/index.php?rest_route=\/wp\/v2\/users\/2"}],"replies":[{"embeddable":true,"href":"https:\/\/zonaroja.com.mx\/index.php?rest_route=%2Fwp%2Fv2%2Fcomments&post=18400"}],"version-history":[{"count":1,"href":"https:\/\/zonaroja.com.mx\/index.php?rest_route=\/wp\/v2\/posts\/18400\/revisions"}],"predecessor-version":[{"id":18402,"href":"https:\/\/zonaroja.com.mx\/index.php?rest_route=\/wp\/v2\/posts\/18400\/revisions\/18402"}],"wp:featuredmedia":[{"embeddable":true,"href":"https:\/\/zonaroja.com.mx\/index.php?rest_route=\/wp\/v2\/media\/18401"}],"wp:attachment":[{"href":"https:\/\/zonaroja.com.mx\/index.php?rest_route=%2Fwp%2Fv2%2Fmedia&parent=18400"}],"wp:term":[{"taxonomy":"category","embeddable":true,"href":"https:\/\/zonaroja.com.mx\/index.php?rest_route=%2Fwp%2Fv2%2Fcategories&post=18400"},{"taxonomy":"post_tag","embeddable":true,"href":"https:\/\/zonaroja.com.mx\/index.php?rest_route=%2Fwp%2Fv2%2Ftags&post=18400"}],"curies":[{"name":"wp","href":"https:\/\/api.w.org\/{rel}","templated":true}]}}