{"id":18403,"date":"2020-10-04T19:26:16","date_gmt":"2020-10-05T00:26:16","guid":{"rendered":"http:\/\/www.zonaroja.com.mx\/?p=18403"},"modified":"2020-10-04T20:24:14","modified_gmt":"2020-10-05T01:24:14","slug":"confirman-feminicido-a-norma-beatriz-la-mato-su-marido-y-la-tiro-a-un-pozo","status":"publish","type":"post","link":"https:\/\/zonaroja.com.mx\/?p=18403","title":{"rendered":"Confirman feminicido: a Norma Beatriz la mat\u00f3 su marido y la tir\u00f3 a un pozo"},"content":{"rendered":"\n<p>Ismael Garc\u00eda M.\/Zona Roja.<\/p>\n\n\n\n<p>Oaxaca de Ju\u00e1rez, Oax., 4 de octubre de 2020.- La golpe\u00f3 hasta matarla, la hizo desaparecida por dos semanas, pero ya la hab\u00eda arrojado a un pozo.<\/p>\n\n\n\n<p>El pasado viernes, personal del Heroico Cuerpo de Bomberos pudo rescatar el cuerpo de Norma Beatriz G. N., en un pozo tipo noria de la comunidad de Alem\u00e1n, de San Andr\u00e9s Zautla, Etla, Oaxaca; la hab\u00eda matado a golpes su esposo con un objeto contundente.<\/p>\n\n\n\n<p>La Fiscal\u00eda General del Estado de Oaxaca confirm\u00f3 mediante un comunicado la detenci\u00f3n de una persona del sexo masculino, se\u00f1alada como probable responsable del delito de feminicidio, cometido entre el 17 y 18 de septiembre de 2020, en jurisdicci\u00f3n de Zautla.<\/p>\n\n\n\n<p>Detall\u00f3 que el probable feminicida, identificado como E. J. A. M., fue aprehendido este s\u00e1bado 3 de octubre de 2020 por agentes Estatales de Investigaci\u00f3n por el delito de feminicidio cometido en agravio de su esposa N. B. N. G.<\/p>\n\n\n\n<figure class=\"wp-block-embed-twitter wp-block-embed is-type-rich is-provider-twitter\"><div class=\"wp-block-embed__wrapper\">\n<div class=\"twitter-tweet\"><blockquote class=\"twitter-tweet\" data-lang=\"es\"><p lang=\"es\" dir=\"ltr\">Personal del Heroico Cuerpo de Bomberos suspendi\u00f3 anoche las labores de rescate de un cuerpo en un pozo tipo noria, en la comunidad de Alem\u00e1n, de San Andr\u00e9s Zautla, Oaxaca; reanuda labores este viernes. <a href=\"https:\/\/t.co\/owCBzsbiqw\">https:\/\/t.co\/owCBzsbiqw<\/a><\/p>&mdash; Zona Roja Oaxaca (@MexRoja) <a href=\"https:\/\/twitter.com\/MexRoja\/status\/1312018946137247747?ref_src=twsrc%5Etfw\">2 de octubre de 2020<\/a><\/blockquote><\/div>\n<\/div><\/figure>\n\n\n\n<p>Aunque la ficha de b\u00fasqueda de la Unidad de Personas Desaparecidas y No Localizadas, de la misma Fiscal\u00eda, se\u00f1ala como iniciales N. B. G. N., quien fue vista por \u00faltima vez el 17 de septiembre saliendo de la tienda Aurrer\u00e1 de la Villa de Etla.<\/p>\n\n\n\n<p>De acuerdo con la causa penal 732\/2020 &#8211;y seg\u00fan el bolet\u00edn de la Fiscal\u00eda&#8211; aproximadamente entre las 21:15 horas del 17 de septiembre y entre las 05: 58 horas del d\u00eda 18 de septiembre del 2020, el imputado golpe\u00f3 a la v\u00edctima con un objeto contundente en la cabeza, ocasion\u00e1ndole la muerte.<\/p>\n\n\n\n<p>Ante estos hechos, la Fiscal\u00eda General del Estado inici\u00f3 la carpeta de investigaci\u00f3n 30238\/FVCE\/ETLA\/2020, obteniendo del Juez de Control la orden de aprehensi\u00f3n contra E. J. A. M., el cual fue detenido y presentado ante la autoridad judicial que lo requiri\u00f3.<\/p>\n\n\n\n<p>El imputado se acogi\u00f3 a la duplicidad del t\u00e9rmino constitucional, por lo que la audiencia para resolver la situaci\u00f3n jur\u00eddica del imputado, se llevar\u00e1 a cabo el pr\u00f3ximo 8 de octubre de 2020, quedando en prisi\u00f3n preventiva. <\/p>\n\n\n\n<p>Fue la tarde del jueves en que un habitante de la comunidad de Alem\u00e1n dio aviso a las autoridades estatales acerca de un olor f\u00e9tido que proven\u00eda de un pozo, ante lo cual arribaron elementos de Bomberos; pero ese d\u00eda s\u00f3lo pudieron rescatar unos restos, culminando la labor el pasado viernes.<\/p>\n","protected":false},"excerpt":{"rendered":"<p>Ismael Garc\u00eda M.\/Zona Roja. Oaxaca de Ju\u00e1rez, Oax., 4 de octubre de 2020.- La golpe\u00f3&hellip;<\/p>\n","protected":false},"author":2,"featured_media":18404,"comment_status":"closed","ping_status":"open","sticky":false,"template":"","format":"standard","meta":{"_lmt_disableupdate":"","_lmt_disable":"","_jetpack_memberships_contains_paid_content":false,"footnotes":""},"categories":[109,51],"tags":[610],"class_list":["post-18403","post","type-post","status-publish","format-standard","has-post-thumbnail","hentry","category-minuto-a-minuto","category-zona-roja","tag-feminicidios-oaxaca"],"jetpack_featured_media_url":"https:\/\/zonaroja.com.mx\/wp-content\/uploads\/2020\/10\/Feminicidio-Norma-Beatriz-Zautla.jpg","jetpack_sharing_enabled":true,"_links":{"self":[{"href":"https:\/\/zonaroja.com.mx\/index.php?rest_route=\/wp\/v2\/posts\/18403","targetHints":{"allow":["GET"]}}],"collection":[{"href":"https:\/\/zonaroja.com.mx\/index.php?rest_route=\/wp\/v2\/posts"}],"about":[{"href":"https:\/\/zonaroja.com.mx\/index.php?rest_route=\/wp\/v2\/types\/post"}],"author":[{"embeddable":true,"href":"https:\/\/zonaroja.com.mx\/index.php?rest_route=\/wp\/v2\/users\/2"}],"replies":[{"embeddable":true,"href":"https:\/\/zonaroja.com.mx\/index.php?rest_route=%2Fwp%2Fv2%2Fcomments&post=18403"}],"version-history":[{"count":2,"href":"https:\/\/zonaroja.com.mx\/index.php?rest_route=\/wp\/v2\/posts\/18403\/revisions"}],"predecessor-version":[{"id":18407,"href":"https:\/\/zonaroja.com.mx\/index.php?rest_route=\/wp\/v2\/posts\/18403\/revisions\/18407"}],"wp:featuredmedia":[{"embeddable":true,"href":"https:\/\/zonaroja.com.mx\/index.php?rest_route=\/wp\/v2\/media\/18404"}],"wp:attachment":[{"href":"https:\/\/zonaroja.com.mx\/index.php?rest_route=%2Fwp%2Fv2%2Fmedia&parent=18403"}],"wp:term":[{"taxonomy":"category","embeddable":true,"href":"https:\/\/zonaroja.com.mx\/index.php?rest_route=%2Fwp%2Fv2%2Fcategories&post=18403"},{"taxonomy":"post_tag","embeddable":true,"href":"https:\/\/zonaroja.com.mx\/index.php?rest_route=%2Fwp%2Fv2%2Ftags&post=18403"}],"curies":[{"name":"wp","href":"https:\/\/api.w.org\/{rel}","templated":true}]}}