{"id":18408,"date":"2020-10-04T20:40:02","date_gmt":"2020-10-05T01:40:02","guid":{"rendered":"http:\/\/www.zonaroja.com.mx\/?p=18408"},"modified":"2020-10-04T20:40:06","modified_gmt":"2020-10-05T01:40:06","slug":"cierra-semana-en-semaforo-amarillo-con-44-decesos-y-856-contagiados","status":"publish","type":"post","link":"https:\/\/zonaroja.com.mx\/?p=18408","title":{"rendered":"Cierra semana en sem\u00e1foro amarillo con 44 decesos y 856 contagiados"},"content":{"rendered":"\n<p>Redacci\u00f3n\/Zona Roja.<\/p>\n\n\n\n<p>Oaxaca de Ju\u00e1rez, Oax., 4 de octubre de 2020.- La primera semana epidemiol\u00f3gica de vuelta a sem\u00e1foro amarillo concluy\u00f3 en Oaxaca con 44 fallecimientos por Covid-19, un promedio de 6.2 diarios.<\/p>\n\n\n\n<p>Asimismo, de acuerdo con datos oficiales, del pasado lunes a este domingo, sucedieron 856 contagios, un aproximado de 122 casos diarios.<\/p>\n\n\n\n<p>En tanto, esta noche los Servicios de Salud de Oaxaca (SSO) confirmaron que se alcanzaron los 17 mil 501 pacientes, 79 m\u00e1s que el s\u00e1bado; de esta cifra, 698 est\u00e1n activos.<\/p>\n\n\n\n<p>En un comunicado, el titular de la dependencia, Donato Casas Escamilla, inform\u00f3 que los nuevos diagn\u00f3sticos se concentran en 30 municipios, de los cuales los de mayor incidencia de contagios son: Heroica Ciudad de Huajuapan de Le\u00f3n con 21, Oaxaca de Ju\u00e1rez con 17, Santa Cruz Xoxocotlan con cuatro y Santiago Juxtlahuaca con tres, el resto dos y uno.<\/p>\n\n\n\n<figure class=\"wp-block-embed-twitter wp-block-embed is-type-rich is-provider-twitter\"><div class=\"wp-block-embed__wrapper\">\n<div class=\"twitter-tweet\"><blockquote class=\"twitter-tweet\" data-lang=\"es\"><p lang=\"es\" dir=\"ltr\">El cuidado de la <a href=\"https:\/\/twitter.com\/hashtag\/Salud?src=hash&amp;ref_src=twsrc%5Etfw\">#Salud<\/a> es una responsabilidad compartida, <a href=\"https:\/\/twitter.com\/hashtag\/Ay%C3%BAdanosACuidarte?src=hash&amp;ref_src=twsrc%5Etfw\">#Ay\u00fadanosACuidarte<\/a>, recuerda utilizar <a href=\"https:\/\/twitter.com\/hashtag\/Cubrebocas?src=hash&amp;ref_src=twsrc%5Etfw\">#Cubrebocas<\/a> y mantener una <a href=\"https:\/\/twitter.com\/hashtag\/SanaDistancia?src=hash&amp;ref_src=twsrc%5Etfw\">#SanaDistancia<\/a> en los espacios p\u00fablicos, si no debes salir, <a href=\"https:\/\/twitter.com\/hashtag\/Qu%C3%A9dateEnCasa?src=hash&amp;ref_src=twsrc%5Etfw\">#Qu\u00e9dateEnCasa<\/a>. <a href=\"https:\/\/t.co\/Ezi6ZenmAT\">pic.twitter.com\/Ezi6ZenmAT<\/a><\/p>&mdash; Servicios de Salud (@SSO_GobOax) <a href=\"https:\/\/twitter.com\/SSO_GobOax\/status\/1312923917137309696?ref_src=twsrc%5Etfw\">5 de octubre de 2020<\/a><\/blockquote><\/div>\n<\/div><\/figure>\n\n\n\n<p>Especific\u00f3 que al corte de hoy se tiene el 33.9% de ocupaci\u00f3n hospitalaria de pacientes infectados con el nuevo coronavirus; de esta cifra el 38.6% son camas de vigilancia m\u00e9dica y el 25% corresponden a camas con equipos de respiraci\u00f3n artificial.<\/p>\n\n\n\n<p>Asimismo, dijo que desde el inicio de la emergencia sanitaria en la entidad, por tipo de atenci\u00f3n el 20% de pacientes fueron hospitalizados y el 80% han sido ambulatorios; del global, ocho mil 030 son mujeres y nueve mil 471 hombres.<\/p>\n\n\n\n<p>En tanto, las defunciones asociadas al virus, al corte de este domingo se notificaron nueve decesos, lo que suman un global de mil 475 personas que han perdido la vida a causa del padecimiento respiratorio.<\/p>\n\n\n\n<p>Subray\u00f3 que las localidades m\u00e1s afectadas contin\u00faan siendo las zonas urbanas. Valles Centrales registra 11 mil 685 positivos y 716 muertes; Tuxtepec mil 723 y 245 decesos; Istmo mil 712 y 281 fallecimientos; Mixteca mil 197 y 110 perdidas fatales; Costa 775 y 78 v\u00edctimas mortales; y por \u00faltimo Sierra con 409 y 45 fallecimientos.<\/p>\n\n\n\n<p>A\u00f1adi\u00f3 que a la fecha se han realizado 25 mil 816 notificaciones de personas que han presentado indicios de la enfermedad respiratoria, siete mil 574 han sido negativos, 741 est\u00e1n como sospechosos, y actualmente 15 mil 328 pacientes se han recuperado.<\/p>\n\n\n\n<p>Casas Escamilla volvi\u00f3 a hacer un llamado en\u00e9rgico a la poblaci\u00f3n, principalmente a las personas del grupo de riesgo y que viven en los municipios con m\u00e1s incidencia de casos, para que refuercen los protocolos de sana distancia, el uso de cubrebocas, el lavado de manos con agua y jab\u00f3n, y eviten lugares concurridos.<\/p>\n\n\n\n<p>Finalmente, detall\u00f3 que ante s\u00edntomas como tos seca, fiebre, cansancio, dolor de garganta y cabeza, as\u00ed como dificultad para respirar o falta de aire, diarrea, p\u00e9rdida del olfato o gusto, llamar de manera inmediata a los tel\u00e9fonos 800 770 8437, 951 516 8242 y el 951 516 12 20 o enviar un mensaje de WhatsApp al 951 297 5741, donde personal capacitado dar\u00e1 seguimiento m\u00e9dico oportuno.<\/p>\n","protected":false},"excerpt":{"rendered":"<p>Redacci\u00f3n\/Zona Roja. Oaxaca de Ju\u00e1rez, Oax., 4 de octubre de 2020.- La primera semana epidemiol\u00f3gica&hellip;<\/p>\n","protected":false},"author":2,"featured_media":18409,"comment_status":"closed","ping_status":"open","sticky":false,"template":"","format":"standard","meta":{"_lmt_disableupdate":"","_lmt_disable":"","_jetpack_memberships_contains_paid_content":false,"footnotes":""},"categories":[109,47],"tags":[1512],"class_list":["post-18408","post","type-post","status-publish","format-standard","has-post-thumbnail","hentry","category-minuto-a-minuto","category-zona-gris","tag-coronavirus-oaxaca"],"jetpack_featured_media_url":"https:\/\/zonaroja.com.mx\/wp-content\/uploads\/2020\/10\/SSO-1-4.jpeg","jetpack_sharing_enabled":true,"_links":{"self":[{"href":"https:\/\/zonaroja.com.mx\/index.php?rest_route=\/wp\/v2\/posts\/18408","targetHints":{"allow":["GET"]}}],"collection":[{"href":"https:\/\/zonaroja.com.mx\/index.php?rest_route=\/wp\/v2\/posts"}],"about":[{"href":"https:\/\/zonaroja.com.mx\/index.php?rest_route=\/wp\/v2\/types\/post"}],"author":[{"embeddable":true,"href":"https:\/\/zonaroja.com.mx\/index.php?rest_route=\/wp\/v2\/users\/2"}],"replies":[{"embeddable":true,"href":"https:\/\/zonaroja.com.mx\/index.php?rest_route=%2Fwp%2Fv2%2Fcomments&post=18408"}],"version-history":[{"count":1,"href":"https:\/\/zonaroja.com.mx\/index.php?rest_route=\/wp\/v2\/posts\/18408\/revisions"}],"predecessor-version":[{"id":18410,"href":"https:\/\/zonaroja.com.mx\/index.php?rest_route=\/wp\/v2\/posts\/18408\/revisions\/18410"}],"wp:featuredmedia":[{"embeddable":true,"href":"https:\/\/zonaroja.com.mx\/index.php?rest_route=\/wp\/v2\/media\/18409"}],"wp:attachment":[{"href":"https:\/\/zonaroja.com.mx\/index.php?rest_route=%2Fwp%2Fv2%2Fmedia&parent=18408"}],"wp:term":[{"taxonomy":"category","embeddable":true,"href":"https:\/\/zonaroja.com.mx\/index.php?rest_route=%2Fwp%2Fv2%2Fcategories&post=18408"},{"taxonomy":"post_tag","embeddable":true,"href":"https:\/\/zonaroja.com.mx\/index.php?rest_route=%2Fwp%2Fv2%2Ftags&post=18408"}],"curies":[{"name":"wp","href":"https:\/\/api.w.org\/{rel}","templated":true}]}}