{"id":18411,"date":"2020-10-05T10:00:00","date_gmt":"2020-10-05T15:00:00","guid":{"rendered":"http:\/\/www.zonaroja.com.mx\/?p=18411"},"modified":"2020-10-05T10:31:20","modified_gmt":"2020-10-05T15:31:20","slug":"pide-el-congreso-a-gobierno-y-municipios-evitar-uso-de-edecanes-para-eventos","status":"publish","type":"post","link":"https:\/\/zonaroja.com.mx\/?p=18411","title":{"rendered":"Pide el Congreso a gobierno y municipios evitar uso de edecanes para eventos"},"content":{"rendered":"\n<p>Yuridiana Sosa\/Zona Roja.<\/p>\n\n\n\n<p>Oaxaca de Ju\u00e1rez, Oax., 5 de octubre de 2020.- Con 29 votos a favor, la 64 Legislatura de Oaxaca aprob\u00f3 un exhorto para que autoridades estatales y municipales en la entidad eviten el uso de edecanes o personal seleccionado con criterios sesgados a sexo, apariencia f\u00edsica o edad.<\/p>\n\n\n\n<p>A trav\u00e9s de un dictamen con proyecto de acuerdo, el pleno del Congreso del Estado emiti\u00f3 un llamado al titular del Poder Ejecutivo para que a su vez instruya a dependencias y las diferentes \u00e1reas administrativas a fin de que durante el desarrollo de sus actividades o eventos, no se emplee a ese tipo de personal.<\/p>\n\n\n\n<p>\u201cEviten el uso de decanes o personal seleccionado con base en criterios como el sexo, la apariencia f\u00edsica, la edad o el origen, y se ci\u00f1an de manera estricta a las capacidades para el desempe\u00f1o de las tareas asignadas de manera leg\u00edtima\u201d, cit\u00f3 el dictamen aprobado.<\/p>\n\n\n\n<p>El llamado tambi\u00e9n se emitir\u00e1 en el mismo sentido a los ayuntamientos de la entidad, para que de igual forma den aviso a las distintas \u00e1reas de sus administraciones.<\/p>\n\n\n\n<p>Pero esta es la segunda ocasi\u00f3n que el tema se plante\u00f3 en el pleno de la 64 Legislatura, pues en julio de 2019 la diputada del partido Morena, Elisa Zepeda Lagunas, present\u00f3 un acuerdo de urgente y obvia resoluci\u00f3n para evitar esas acciones que contradicen la Ley Estatal de Acceso de las Mujeres a una Vida Libre de Violencia de G\u00e9nero.<\/p>\n","protected":false},"excerpt":{"rendered":"<p>Yuridiana Sosa\/Zona Roja. Oaxaca de Ju\u00e1rez, Oax., 5 de octubre de 2020.- Con 29 votos&hellip;<\/p>\n","protected":false},"author":2,"featured_media":18412,"comment_status":"closed","ping_status":"open","sticky":false,"template":"","format":"standard","meta":{"_lmt_disableupdate":"","_lmt_disable":"","_jetpack_memberships_contains_paid_content":false,"footnotes":""},"categories":[109,46],"tags":[213],"class_list":["post-18411","post","type-post","status-publish","format-standard","has-post-thumbnail","hentry","category-minuto-a-minuto","category-zona-blanca","tag-64-legislatura-de-oaxaca"],"jetpack_featured_media_url":"https:\/\/zonaroja.com.mx\/wp-content\/uploads\/2020\/10\/Edecanes.jpg","jetpack_sharing_enabled":true,"_links":{"self":[{"href":"https:\/\/zonaroja.com.mx\/index.php?rest_route=\/wp\/v2\/posts\/18411","targetHints":{"allow":["GET"]}}],"collection":[{"href":"https:\/\/zonaroja.com.mx\/index.php?rest_route=\/wp\/v2\/posts"}],"about":[{"href":"https:\/\/zonaroja.com.mx\/index.php?rest_route=\/wp\/v2\/types\/post"}],"author":[{"embeddable":true,"href":"https:\/\/zonaroja.com.mx\/index.php?rest_route=\/wp\/v2\/users\/2"}],"replies":[{"embeddable":true,"href":"https:\/\/zonaroja.com.mx\/index.php?rest_route=%2Fwp%2Fv2%2Fcomments&post=18411"}],"version-history":[{"count":1,"href":"https:\/\/zonaroja.com.mx\/index.php?rest_route=\/wp\/v2\/posts\/18411\/revisions"}],"predecessor-version":[{"id":18413,"href":"https:\/\/zonaroja.com.mx\/index.php?rest_route=\/wp\/v2\/posts\/18411\/revisions\/18413"}],"wp:featuredmedia":[{"embeddable":true,"href":"https:\/\/zonaroja.com.mx\/index.php?rest_route=\/wp\/v2\/media\/18412"}],"wp:attachment":[{"href":"https:\/\/zonaroja.com.mx\/index.php?rest_route=%2Fwp%2Fv2%2Fmedia&parent=18411"}],"wp:term":[{"taxonomy":"category","embeddable":true,"href":"https:\/\/zonaroja.com.mx\/index.php?rest_route=%2Fwp%2Fv2%2Fcategories&post=18411"},{"taxonomy":"post_tag","embeddable":true,"href":"https:\/\/zonaroja.com.mx\/index.php?rest_route=%2Fwp%2Fv2%2Ftags&post=18411"}],"curies":[{"name":"wp","href":"https:\/\/api.w.org\/{rel}","templated":true}]}}