{"id":18416,"date":"2020-10-04T22:04:18","date_gmt":"2020-10-05T03:04:18","guid":{"rendered":"http:\/\/www.zonaroja.com.mx\/?p=18416"},"modified":"2020-10-04T22:04:21","modified_gmt":"2020-10-05T03:04:21","slug":"matan-a-navajazos-a-un-individuo-en-tuxtepec-oaxaca","status":"publish","type":"post","link":"https:\/\/zonaroja.com.mx\/?p=18416","title":{"rendered":"Matan a navajazos a un individuo en Tuxtepec, Oaxaca"},"content":{"rendered":"\n<p>Redacci\u00f3n\/Zona Roja.<\/p>\n\n\n\n<p>Oaxaca de Ju\u00e1rez, Oax., 4 de octubre de 2020.- Una persona del sexo masculino fue asesinada con arma blanca, la noche de este domingo en la ciudad de San Juan Bautista Tuxtepec, municipio ubicado al norte de Oaxaca.<\/p>\n\n\n\n<p>De acuerdo con los primeros reportes, el cuerpo fue hallado en el interior de un domicilio, en la avenida Libertad, en el centro del municipio.<\/p>\n\n\n\n<p>La v\u00edctima fue identificada como Tranquilino Vicente, propietario de un establecimiento de tacos ubicados en la misma calle. Hasta el momento se desconoce qui\u00e9n o qui\u00e9nes lo ultimaron.<\/p>\n\n\n\n<p>MUERTOS POR ACCIDENTE<\/p>\n\n\n\n<p>Por otra parte, dos personas perdieron la vida este fin de semana en un accidente vehicular sobre un camino de terracer\u00eda a la localidad Agua de la Rosa, del municipio de Huautla de Jim\u00e9nez.<\/p>\n\n\n\n<p>Presuntamente el taxi colectivo de Huautla, con tipo Tsuru, marca Nissan, con placas 3181SJJ del estado de Oaxaca, cay\u00f3 a un barranco.<\/p>\n\n\n\n<p>Perdieron la vida el chofer, Fernando Mart\u00ednez, de 32 a\u00f1os, originario de San Andr\u00e9s Hidalgo, y Serapio Lorenzo Mart\u00ednez, de 74 a\u00f1os, de la comunidad de Pe\u00f1a Verde.<\/p>\n","protected":false},"excerpt":{"rendered":"<p>Redacci\u00f3n\/Zona Roja. Oaxaca de Ju\u00e1rez, Oax., 4 de octubre de 2020.- Una persona del sexo&hellip;<\/p>\n","protected":false},"author":2,"featured_media":18417,"comment_status":"closed","ping_status":"open","sticky":false,"template":"","format":"standard","meta":{"_lmt_disableupdate":"","_lmt_disable":"","_jetpack_memberships_contains_paid_content":false,"footnotes":""},"categories":[109,51],"tags":[118],"class_list":["post-18416","post","type-post","status-publish","format-standard","has-post-thumbnail","hentry","category-minuto-a-minuto","category-zona-roja","tag-san-juan-bautista-tuxtepec"],"jetpack_featured_media_url":"https:\/\/zonaroja.com.mx\/wp-content\/uploads\/2020\/10\/Asesinado-Tuxtepec-4-oct.jpg","jetpack_sharing_enabled":true,"_links":{"self":[{"href":"https:\/\/zonaroja.com.mx\/index.php?rest_route=\/wp\/v2\/posts\/18416","targetHints":{"allow":["GET"]}}],"collection":[{"href":"https:\/\/zonaroja.com.mx\/index.php?rest_route=\/wp\/v2\/posts"}],"about":[{"href":"https:\/\/zonaroja.com.mx\/index.php?rest_route=\/wp\/v2\/types\/post"}],"author":[{"embeddable":true,"href":"https:\/\/zonaroja.com.mx\/index.php?rest_route=\/wp\/v2\/users\/2"}],"replies":[{"embeddable":true,"href":"https:\/\/zonaroja.com.mx\/index.php?rest_route=%2Fwp%2Fv2%2Fcomments&post=18416"}],"version-history":[{"count":1,"href":"https:\/\/zonaroja.com.mx\/index.php?rest_route=\/wp\/v2\/posts\/18416\/revisions"}],"predecessor-version":[{"id":18418,"href":"https:\/\/zonaroja.com.mx\/index.php?rest_route=\/wp\/v2\/posts\/18416\/revisions\/18418"}],"wp:featuredmedia":[{"embeddable":true,"href":"https:\/\/zonaroja.com.mx\/index.php?rest_route=\/wp\/v2\/media\/18417"}],"wp:attachment":[{"href":"https:\/\/zonaroja.com.mx\/index.php?rest_route=%2Fwp%2Fv2%2Fmedia&parent=18416"}],"wp:term":[{"taxonomy":"category","embeddable":true,"href":"https:\/\/zonaroja.com.mx\/index.php?rest_route=%2Fwp%2Fv2%2Fcategories&post=18416"},{"taxonomy":"post_tag","embeddable":true,"href":"https:\/\/zonaroja.com.mx\/index.php?rest_route=%2Fwp%2Fv2%2Ftags&post=18416"}],"curies":[{"name":"wp","href":"https:\/\/api.w.org\/{rel}","templated":true}]}}